{"id":651,"date":"2020-06-02T13:24:59","date_gmt":"2020-06-02T13:24:59","guid":{"rendered":"http:\/\/ppd-fix.local\/covid-19-paris-place-de-droit-cree-les-tiers-conciliateurs-pour-soutenir-les-entreprises\/"},"modified":"2020-06-02T13:24:59","modified_gmt":"2020-06-02T13:24:59","slug":"covid-19-paris-place-de-droit-cree-les-tiers-conciliateurs-pour-soutenir-les-entreprises","status":"publish","type":"post","link":"https:\/\/www.parisplacededroit.org\/en\/covid-19-paris-place-de-droit-cree-les-tiers-conciliateurs-pour-soutenir-les-entreprises\/","title":{"rendered":"Covid-19 : Paris Place de Droit cr\u00e9e les Tiers Conciliateurs pour soutenir les entreprises"},"content":{"rendered":"<p> Face \u00e0 l\u2019\u00e9pid\u00e9mie du COVID-19, dans le cadre de Paris Place de Droit, le Cercle Montesquieu, l\u2019AFJE et le Barreau de Paris, sous l\u2019\u00e9gide du tribunal de commerce de Paris ont souhait\u00e9 mettre en place un dispositif confidentiel et rapide d\u2019aide aux entreprises pour r\u00e9soudre amiablement des situations commerciales potentiellement contentieuses li\u00e9es \u00e0 la crise sanitaire et les accompagner dans la d\u00e9finition de solutions adapt\u00e9es permettant de poursuivre la vie des affaires dans des conditions optimales, de restaurer la confiance et de recr\u00e9er du lien entre partenaires. <\/p>\n<p>L&#8217;article en int\u00e9gral \u00e0 retrouver sur le site du Medef en cliquant <a href=\"https:\/\/www.medef.com\/fr\/actualites\/covid-19-paris-place-de-droit-cree-les-tiers-conciliateurs-pour-soutenir-les-entreprises-1\" rel=\"noopener noreferrer\" target=\"_blank\">ici<\/a>.<\/p>\n","protected":false},"excerpt":{"rendered":"<p>Face \u00e0 l\u2019\u00e9pid\u00e9mie du COVID-19, dans le cadre de Paris Place de Droit, le Cercle Montesquieu, l\u2019AFJE et le Barreau&#8230;<\/p>\n","protected":false},"author":1,"featured_media":0,"comment_status":"open","ping_status":"open","sticky":false,"template":"","format":"standard","meta":{"_acf_changed":false,"footnotes":""},"categories":[37],"tags":[],"class_list":["post-651","post","type-post","status-publish","format-standard","hentry","category-non-classifiae"],"acf":[],"yoast_head":"<!-- This site is optimized with the Yoast SEO plugin v27.3 - https:\/\/yoast.com\/product\/yoast-seo-wordpress\/ -->\n<title>Covid-19 : Paris Place de Droit cr\u00e9e les Tiers Conciliateurs pour soutenir les entreprises<\/title>\n<meta name=\"robots\" content=\"index, follow, max-snippet:-1, max-image-preview:large, max-video-preview:-1\" \/>\n<link rel=\"canonical\" href=\"https:\/\/www.parisplacededroit.org\/covid-19-paris-place-de-droit-cree-les-tiers-conciliateurs-pour-soutenir-les-entreprises\/\" \/>\n<meta property=\"og:locale\" content=\"en_US\" \/>\n<meta property=\"og:type\" content=\"article\" \/>\n<meta property=\"og:title\" content=\"Covid-19 : Paris Place de Droit cr\u00e9e les Tiers Conciliateurs pour soutenir les entreprises\" \/>\n<meta property=\"og:description\" content=\"Face \u00e0 l\u2019\u00e9pid\u00e9mie du COVID-19, dans le cadre de Paris Place de Droit, le Cercle Montesquieu, l\u2019AFJE et le Barreau...\" \/>\n<meta property=\"og:url\" content=\"https:\/\/www.parisplacededroit.org\/covid-19-paris-place-de-droit-cree-les-tiers-conciliateurs-pour-soutenir-les-entreprises\/\" \/>\n<meta property=\"og:site_name\" content=\"Paris city of law - Legal place in France\" \/>\n<meta property=\"article:published_time\" content=\"2020-06-02T13:24:59+00:00\" \/>\n<meta name=\"author\" content=\"Eliott_Markus_Dev\" \/>\n<meta name=\"twitter:card\" content=\"summary_large_image\" \/>\n<meta name=\"twitter:creator\" content=\"@ParisPlaceDroit\" \/>\n<meta name=\"twitter:site\" content=\"@ParisPlaceDroit\" \/>\n<meta name=\"twitter:label1\" content=\"Written by\" \/>\n\t<meta name=\"twitter:data1\" content=\"Eliott_Markus_Dev\" \/>\n\t<meta name=\"twitter:label2\" content=\"Est. reading time\" \/>\n\t<meta name=\"twitter:data2\" content=\"1 minute\" \/>\n<script type=\"application\/ld+json\" class=\"yoast-schema-graph\">{\"@context\":\"https:\\\/\\\/schema.org\",\"@graph\":[{\"@type\":\"Article\",\"@id\":\"https:\\\/\\\/www.parisplacededroit.org\\\/covid-19-paris-place-de-droit-cree-les-tiers-conciliateurs-pour-soutenir-les-entreprises\\\/#article\",\"isPartOf\":{\"@id\":\"https:\\\/\\\/www.parisplacededroit.org\\\/covid-19-paris-place-de-droit-cree-les-tiers-conciliateurs-pour-soutenir-les-entreprises\\\/\"},\"author\":{\"name\":\"Eliott_Markus_Dev\",\"@id\":\"https:\\\/\\\/www.parisplacededroit.org\\\/#\\\/schema\\\/person\\\/d3b592378021fc5c18c7e4fb79445f3f\"},\"headline\":\"Covid-19 : Paris Place de Droit cr\u00e9e les Tiers Conciliateurs pour soutenir les entreprises\",\"datePublished\":\"2020-06-02T13:24:59+00:00\",\"mainEntityOfPage\":{\"@id\":\"https:\\\/\\\/www.parisplacededroit.org\\\/covid-19-paris-place-de-droit-cree-les-tiers-conciliateurs-pour-soutenir-les-entreprises\\\/\"},\"wordCount\":123,\"commentCount\":0,\"articleSection\":[\"Non classifi\u00e9(e)\"],\"inLanguage\":\"en-US\",\"potentialAction\":[{\"@type\":\"CommentAction\",\"name\":\"Comment\",\"target\":[\"https:\\\/\\\/www.parisplacededroit.org\\\/covid-19-paris-place-de-droit-cree-les-tiers-conciliateurs-pour-soutenir-les-entreprises\\\/#respond\"]}]},{\"@type\":\"WebPage\",\"@id\":\"https:\\\/\\\/www.parisplacededroit.org\\\/covid-19-paris-place-de-droit-cree-les-tiers-conciliateurs-pour-soutenir-les-entreprises\\\/\",\"url\":\"https:\\\/\\\/www.parisplacededroit.org\\\/covid-19-paris-place-de-droit-cree-les-tiers-conciliateurs-pour-soutenir-les-entreprises\\\/\",\"name\":\"Covid-19 : Paris Place de Droit cr\u00e9e les Tiers Conciliateurs pour soutenir les entreprises\",\"isPartOf\":{\"@id\":\"https:\\\/\\\/www.parisplacededroit.org\\\/#website\"},\"datePublished\":\"2020-06-02T13:24:59+00:00\",\"author\":{\"@id\":\"https:\\\/\\\/www.parisplacededroit.org\\\/#\\\/schema\\\/person\\\/d3b592378021fc5c18c7e4fb79445f3f\"},\"breadcrumb\":{\"@id\":\"https:\\\/\\\/www.parisplacededroit.org\\\/covid-19-paris-place-de-droit-cree-les-tiers-conciliateurs-pour-soutenir-les-entreprises\\\/#breadcrumb\"},\"inLanguage\":\"en-US\",\"potentialAction\":[{\"@type\":\"ReadAction\",\"target\":[\"https:\\\/\\\/www.parisplacededroit.org\\\/covid-19-paris-place-de-droit-cree-les-tiers-conciliateurs-pour-soutenir-les-entreprises\\\/\"]}]},{\"@type\":\"BreadcrumbList\",\"@id\":\"https:\\\/\\\/www.parisplacededroit.org\\\/covid-19-paris-place-de-droit-cree-les-tiers-conciliateurs-pour-soutenir-les-entreprises\\\/#breadcrumb\",\"itemListElement\":[{\"@type\":\"ListItem\",\"position\":1,\"name\":\"Accueil\",\"item\":\"https:\\\/\\\/www.parisplacededroit.org\\\/en\\\/\"},{\"@type\":\"ListItem\",\"position\":2,\"name\":\"Covid-19 : Paris Place de Droit cr\u00e9e les Tiers Conciliateurs pour soutenir les entreprises\"}]},{\"@type\":\"WebSite\",\"@id\":\"https:\\\/\\\/www.parisplacededroit.org\\\/#website\",\"url\":\"https:\\\/\\\/www.parisplacededroit.org\\\/\",\"name\":\"Paris city of law - Legal place in France\",\"description\":\"With Paris Place of Law, our city build a unique legal place. It is a safe and competitive legal framework that Paris offers to French and foreign companies.\",\"potentialAction\":[{\"@type\":\"SearchAction\",\"target\":{\"@type\":\"EntryPoint\",\"urlTemplate\":\"https:\\\/\\\/www.parisplacededroit.org\\\/?s={search_term_string}\"},\"query-input\":{\"@type\":\"PropertyValueSpecification\",\"valueRequired\":true,\"valueName\":\"search_term_string\"}}],\"inLanguage\":\"en-US\"},{\"@type\":\"Person\",\"@id\":\"https:\\\/\\\/www.parisplacededroit.org\\\/#\\\/schema\\\/person\\\/d3b592378021fc5c18c7e4fb79445f3f\",\"name\":\"Eliott_Markus_Dev\",\"image\":{\"@type\":\"ImageObject\",\"inLanguage\":\"en-US\",\"@id\":\"https:\\\/\\\/secure.gravatar.com\\\/avatar\\\/e82a1c875af1d10692c1bb24d4aa42c9c59dd307bec1ee5f88b9145de9873f1b?s=96&d=mm&r=g\",\"url\":\"https:\\\/\\\/secure.gravatar.com\\\/avatar\\\/e82a1c875af1d10692c1bb24d4aa42c9c59dd307bec1ee5f88b9145de9873f1b?s=96&d=mm&r=g\",\"contentUrl\":\"https:\\\/\\\/secure.gravatar.com\\\/avatar\\\/e82a1c875af1d10692c1bb24d4aa42c9c59dd307bec1ee5f88b9145de9873f1b?s=96&d=mm&r=g\",\"caption\":\"Eliott_Markus_Dev\"},\"sameAs\":[\"http:\\\/\\\/ppd-fix.local\"]}]}<\/script>\n<!-- \/ Yoast SEO plugin. -->","yoast_head_json":{"title":"Covid-19 : Paris Place de Droit cr\u00e9e les Tiers Conciliateurs pour soutenir les entreprises","robots":{"index":"index","follow":"follow","max-snippet":"max-snippet:-1","max-image-preview":"max-image-preview:large","max-video-preview":"max-video-preview:-1"},"canonical":"https:\/\/www.parisplacededroit.org\/covid-19-paris-place-de-droit-cree-les-tiers-conciliateurs-pour-soutenir-les-entreprises\/","og_locale":"en_US","og_type":"article","og_title":"Covid-19 : Paris Place de Droit cr\u00e9e les Tiers Conciliateurs pour soutenir les entreprises","og_description":"Face \u00e0 l\u2019\u00e9pid\u00e9mie du COVID-19, dans le cadre de Paris Place de Droit, le Cercle Montesquieu, l\u2019AFJE et le Barreau...","og_url":"https:\/\/www.parisplacededroit.org\/covid-19-paris-place-de-droit-cree-les-tiers-conciliateurs-pour-soutenir-les-entreprises\/","og_site_name":"Paris city of law - Legal place in France","article_published_time":"2020-06-02T13:24:59+00:00","author":"Eliott_Markus_Dev","twitter_card":"summary_large_image","twitter_creator":"@ParisPlaceDroit","twitter_site":"@ParisPlaceDroit","twitter_misc":{"Written by":"Eliott_Markus_Dev","Est. reading time":"1 minute"},"schema":{"@context":"https:\/\/schema.org","@graph":[{"@type":"Article","@id":"https:\/\/www.parisplacededroit.org\/covid-19-paris-place-de-droit-cree-les-tiers-conciliateurs-pour-soutenir-les-entreprises\/#article","isPartOf":{"@id":"https:\/\/www.parisplacededroit.org\/covid-19-paris-place-de-droit-cree-les-tiers-conciliateurs-pour-soutenir-les-entreprises\/"},"author":{"name":"Eliott_Markus_Dev","@id":"https:\/\/www.parisplacededroit.org\/#\/schema\/person\/d3b592378021fc5c18c7e4fb79445f3f"},"headline":"Covid-19 : Paris Place de Droit cr\u00e9e les Tiers Conciliateurs pour soutenir les entreprises","datePublished":"2020-06-02T13:24:59+00:00","mainEntityOfPage":{"@id":"https:\/\/www.parisplacededroit.org\/covid-19-paris-place-de-droit-cree-les-tiers-conciliateurs-pour-soutenir-les-entreprises\/"},"wordCount":123,"commentCount":0,"articleSection":["Non classifi\u00e9(e)"],"inLanguage":"en-US","potentialAction":[{"@type":"CommentAction","name":"Comment","target":["https:\/\/www.parisplacededroit.org\/covid-19-paris-place-de-droit-cree-les-tiers-conciliateurs-pour-soutenir-les-entreprises\/#respond"]}]},{"@type":"WebPage","@id":"https:\/\/www.parisplacededroit.org\/covid-19-paris-place-de-droit-cree-les-tiers-conciliateurs-pour-soutenir-les-entreprises\/","url":"https:\/\/www.parisplacededroit.org\/covid-19-paris-place-de-droit-cree-les-tiers-conciliateurs-pour-soutenir-les-entreprises\/","name":"Covid-19 : Paris Place de Droit cr\u00e9e les Tiers Conciliateurs pour soutenir les entreprises","isPartOf":{"@id":"https:\/\/www.parisplacededroit.org\/#website"},"datePublished":"2020-06-02T13:24:59+00:00","author":{"@id":"https:\/\/www.parisplacededroit.org\/#\/schema\/person\/d3b592378021fc5c18c7e4fb79445f3f"},"breadcrumb":{"@id":"https:\/\/www.parisplacededroit.org\/covid-19-paris-place-de-droit-cree-les-tiers-conciliateurs-pour-soutenir-les-entreprises\/#breadcrumb"},"inLanguage":"en-US","potentialAction":[{"@type":"ReadAction","target":["https:\/\/www.parisplacededroit.org\/covid-19-paris-place-de-droit-cree-les-tiers-conciliateurs-pour-soutenir-les-entreprises\/"]}]},{"@type":"BreadcrumbList","@id":"https:\/\/www.parisplacededroit.org\/covid-19-paris-place-de-droit-cree-les-tiers-conciliateurs-pour-soutenir-les-entreprises\/#breadcrumb","itemListElement":[{"@type":"ListItem","position":1,"name":"Accueil","item":"https:\/\/www.parisplacededroit.org\/en\/"},{"@type":"ListItem","position":2,"name":"Covid-19 : Paris Place de Droit cr\u00e9e les Tiers Conciliateurs pour soutenir les entreprises"}]},{"@type":"WebSite","@id":"https:\/\/www.parisplacededroit.org\/#website","url":"https:\/\/www.parisplacededroit.org\/","name":"Paris city of law - Legal place in France","description":"With Paris Place of Law, our city build a unique legal place. It is a safe and competitive legal framework that Paris offers to French and foreign companies.","potentialAction":[{"@type":"SearchAction","target":{"@type":"EntryPoint","urlTemplate":"https:\/\/www.parisplacededroit.org\/?s={search_term_string}"},"query-input":{"@type":"PropertyValueSpecification","valueRequired":true,"valueName":"search_term_string"}}],"inLanguage":"en-US"},{"@type":"Person","@id":"https:\/\/www.parisplacededroit.org\/#\/schema\/person\/d3b592378021fc5c18c7e4fb79445f3f","name":"Eliott_Markus_Dev","image":{"@type":"ImageObject","inLanguage":"en-US","@id":"https:\/\/secure.gravatar.com\/avatar\/e82a1c875af1d10692c1bb24d4aa42c9c59dd307bec1ee5f88b9145de9873f1b?s=96&d=mm&r=g","url":"https:\/\/secure.gravatar.com\/avatar\/e82a1c875af1d10692c1bb24d4aa42c9c59dd307bec1ee5f88b9145de9873f1b?s=96&d=mm&r=g","contentUrl":"https:\/\/secure.gravatar.com\/avatar\/e82a1c875af1d10692c1bb24d4aa42c9c59dd307bec1ee5f88b9145de9873f1b?s=96&d=mm&r=g","caption":"Eliott_Markus_Dev"},"sameAs":["http:\/\/ppd-fix.local"]}]}},"_links":{"self":[{"href":"https:\/\/www.parisplacededroit.org\/en\/wp-json\/wp\/v2\/posts\/651","targetHints":{"allow":["GET"]}}],"collection":[{"href":"https:\/\/www.parisplacededroit.org\/en\/wp-json\/wp\/v2\/posts"}],"about":[{"href":"https:\/\/www.parisplacededroit.org\/en\/wp-json\/wp\/v2\/types\/post"}],"author":[{"embeddable":true,"href":"https:\/\/www.parisplacededroit.org\/en\/wp-json\/wp\/v2\/users\/1"}],"replies":[{"embeddable":true,"href":"https:\/\/www.parisplacededroit.org\/en\/wp-json\/wp\/v2\/comments?post=651"}],"version-history":[{"count":0,"href":"https:\/\/www.parisplacededroit.org\/en\/wp-json\/wp\/v2\/posts\/651\/revisions"}],"wp:attachment":[{"href":"https:\/\/www.parisplacededroit.org\/en\/wp-json\/wp\/v2\/media?parent=651"}],"wp:term":[{"taxonomy":"category","embeddable":true,"href":"https:\/\/www.parisplacededroit.org\/en\/wp-json\/wp\/v2\/categories?post=651"},{"taxonomy":"post_tag","embeddable":true,"href":"https:\/\/www.parisplacededroit.org\/en\/wp-json\/wp\/v2\/tags?post=651"}],"curies":[{"name":"wp","href":"https:\/\/api.w.org\/{rel}","templated":true}]}}