{"id":650,"date":"2020-05-22T13:20:23","date_gmt":"2020-05-22T13:20:23","guid":{"rendered":"http:\/\/ppd-fix.local\/la-conciliation-procedure-de-sauvetage-privilegiee-des-startups\/"},"modified":"2020-05-22T13:20:23","modified_gmt":"2020-05-22T13:20:23","slug":"la-conciliation-procedure-de-sauvetage-privilegiee-des-startups","status":"publish","type":"post","link":"https:\/\/www.parisplacededroit.org\/en\/la-conciliation-procedure-de-sauvetage-privilegiee-des-startups\/","title":{"rendered":"La conciliation, proc\u00e9dure de sauvetage privil\u00e9gi\u00e9e des startups"},"content":{"rendered":"<p> L\u2019un des traits marquants de l\u2019\u00e9volution de ces derni\u00e8res ann\u00e9es est la pr\u00e9f\u00e9rence accord\u00e9e aux proc\u00e9dures pr\u00e9ventives par rapport aux proc\u00e9dures collectives intervenant \u00e0 titre curatif et pouvant mener, le cas \u00e9ch\u00e9ant, \u00e0 un \u00e9chec \u00e9conomique. Parce qu\u2019elle permet d\u2019anticiper les difficult\u00e9s \u00e9conomiques, la proc\u00e9dure de conciliation se pr\u00e9sente comme un outil de sauvetage privil\u00e9gi\u00e9 pour les startups. <\/p>\n<p>Un article \u00e0 retrouver en int\u00e9gralit\u00e9 sur le site de Maddyness en cliquant <a href=\"https:\/\/www.maddyness.com\/2020\/05\/22\/conciliation-procedure-sauvetage-privilegiee-startups\/\" rel=\"noopener noreferrer\" target=\"_blank\">ici<\/a>.<\/p>\n","protected":false},"excerpt":{"rendered":"<p>L\u2019un des traits marquants de l\u2019\u00e9volution de ces derni\u00e8res ann\u00e9es est la pr\u00e9f\u00e9rence accord\u00e9e aux proc\u00e9dures pr\u00e9ventives par rapport aux&#8230;<\/p>\n","protected":false},"author":1,"featured_media":0,"comment_status":"open","ping_status":"open","sticky":false,"template":"","format":"standard","meta":{"_acf_changed":false,"footnotes":""},"categories":[37],"tags":[],"class_list":["post-650","post","type-post","status-publish","format-standard","hentry","category-non-classifiae"],"acf":[],"yoast_head":"<!-- This site is optimized with the Yoast SEO plugin v27.3 - https:\/\/yoast.com\/product\/yoast-seo-wordpress\/ -->\n<title>La conciliation, proc\u00e9dure de sauvetage privil\u00e9gi\u00e9e des startups<\/title>\n<meta name=\"robots\" content=\"index, follow, max-snippet:-1, max-image-preview:large, max-video-preview:-1\" \/>\n<link rel=\"canonical\" href=\"https:\/\/www.parisplacededroit.org\/la-conciliation-procedure-de-sauvetage-privilegiee-des-startups\/\" \/>\n<meta property=\"og:locale\" content=\"en_US\" \/>\n<meta property=\"og:type\" content=\"article\" \/>\n<meta property=\"og:title\" content=\"La conciliation, proc\u00e9dure de sauvetage privil\u00e9gi\u00e9e des startups\" \/>\n<meta property=\"og:description\" content=\"L\u2019un des traits marquants de l\u2019\u00e9volution de ces derni\u00e8res ann\u00e9es est la pr\u00e9f\u00e9rence accord\u00e9e aux proc\u00e9dures pr\u00e9ventives par rapport aux...\" \/>\n<meta property=\"og:url\" content=\"https:\/\/www.parisplacededroit.org\/la-conciliation-procedure-de-sauvetage-privilegiee-des-startups\/\" \/>\n<meta property=\"og:site_name\" content=\"Paris city of law - Legal place in France\" \/>\n<meta property=\"article:published_time\" content=\"2020-05-22T13:20:23+00:00\" \/>\n<meta name=\"author\" content=\"Eliott_Markus_Dev\" \/>\n<meta name=\"twitter:card\" content=\"summary_large_image\" \/>\n<meta name=\"twitter:creator\" content=\"@ParisPlaceDroit\" \/>\n<meta name=\"twitter:site\" content=\"@ParisPlaceDroit\" \/>\n<meta name=\"twitter:label1\" content=\"Written by\" \/>\n\t<meta name=\"twitter:data1\" content=\"Eliott_Markus_Dev\" \/>\n<script type=\"application\/ld+json\" class=\"yoast-schema-graph\">{\"@context\":\"https:\\\/\\\/schema.org\",\"@graph\":[{\"@type\":\"Article\",\"@id\":\"https:\\\/\\\/www.parisplacededroit.org\\\/la-conciliation-procedure-de-sauvetage-privilegiee-des-startups\\\/#article\",\"isPartOf\":{\"@id\":\"https:\\\/\\\/www.parisplacededroit.org\\\/la-conciliation-procedure-de-sauvetage-privilegiee-des-startups\\\/\"},\"author\":{\"name\":\"Eliott_Markus_Dev\",\"@id\":\"https:\\\/\\\/www.parisplacededroit.org\\\/#\\\/schema\\\/person\\\/d3b592378021fc5c18c7e4fb79445f3f\"},\"headline\":\"La conciliation, proc\u00e9dure de sauvetage privil\u00e9gi\u00e9e des startups\",\"datePublished\":\"2020-05-22T13:20:23+00:00\",\"mainEntityOfPage\":{\"@id\":\"https:\\\/\\\/www.parisplacededroit.org\\\/la-conciliation-procedure-de-sauvetage-privilegiee-des-startups\\\/\"},\"wordCount\":98,\"commentCount\":0,\"articleSection\":[\"Non classifi\u00e9(e)\"],\"inLanguage\":\"en-US\",\"potentialAction\":[{\"@type\":\"CommentAction\",\"name\":\"Comment\",\"target\":[\"https:\\\/\\\/www.parisplacededroit.org\\\/la-conciliation-procedure-de-sauvetage-privilegiee-des-startups\\\/#respond\"]}]},{\"@type\":\"WebPage\",\"@id\":\"https:\\\/\\\/www.parisplacededroit.org\\\/la-conciliation-procedure-de-sauvetage-privilegiee-des-startups\\\/\",\"url\":\"https:\\\/\\\/www.parisplacededroit.org\\\/la-conciliation-procedure-de-sauvetage-privilegiee-des-startups\\\/\",\"name\":\"La conciliation, proc\u00e9dure de sauvetage privil\u00e9gi\u00e9e des startups\",\"isPartOf\":{\"@id\":\"https:\\\/\\\/www.parisplacededroit.org\\\/#website\"},\"datePublished\":\"2020-05-22T13:20:23+00:00\",\"author\":{\"@id\":\"https:\\\/\\\/www.parisplacededroit.org\\\/#\\\/schema\\\/person\\\/d3b592378021fc5c18c7e4fb79445f3f\"},\"breadcrumb\":{\"@id\":\"https:\\\/\\\/www.parisplacededroit.org\\\/la-conciliation-procedure-de-sauvetage-privilegiee-des-startups\\\/#breadcrumb\"},\"inLanguage\":\"en-US\",\"potentialAction\":[{\"@type\":\"ReadAction\",\"target\":[\"https:\\\/\\\/www.parisplacededroit.org\\\/la-conciliation-procedure-de-sauvetage-privilegiee-des-startups\\\/\"]}]},{\"@type\":\"BreadcrumbList\",\"@id\":\"https:\\\/\\\/www.parisplacededroit.org\\\/la-conciliation-procedure-de-sauvetage-privilegiee-des-startups\\\/#breadcrumb\",\"itemListElement\":[{\"@type\":\"ListItem\",\"position\":1,\"name\":\"Accueil\",\"item\":\"https:\\\/\\\/www.parisplacededroit.org\\\/en\\\/\"},{\"@type\":\"ListItem\",\"position\":2,\"name\":\"La conciliation, proc\u00e9dure de sauvetage privil\u00e9gi\u00e9e des startups\"}]},{\"@type\":\"WebSite\",\"@id\":\"https:\\\/\\\/www.parisplacededroit.org\\\/#website\",\"url\":\"https:\\\/\\\/www.parisplacededroit.org\\\/\",\"name\":\"Paris city of law - Legal place in France\",\"description\":\"With Paris Place of Law, our city build a unique legal place. It is a safe and competitive legal framework that Paris offers to French and foreign companies.\",\"potentialAction\":[{\"@type\":\"SearchAction\",\"target\":{\"@type\":\"EntryPoint\",\"urlTemplate\":\"https:\\\/\\\/www.parisplacededroit.org\\\/?s={search_term_string}\"},\"query-input\":{\"@type\":\"PropertyValueSpecification\",\"valueRequired\":true,\"valueName\":\"search_term_string\"}}],\"inLanguage\":\"en-US\"},{\"@type\":\"Person\",\"@id\":\"https:\\\/\\\/www.parisplacededroit.org\\\/#\\\/schema\\\/person\\\/d3b592378021fc5c18c7e4fb79445f3f\",\"name\":\"Eliott_Markus_Dev\",\"image\":{\"@type\":\"ImageObject\",\"inLanguage\":\"en-US\",\"@id\":\"https:\\\/\\\/secure.gravatar.com\\\/avatar\\\/e82a1c875af1d10692c1bb24d4aa42c9c59dd307bec1ee5f88b9145de9873f1b?s=96&d=mm&r=g\",\"url\":\"https:\\\/\\\/secure.gravatar.com\\\/avatar\\\/e82a1c875af1d10692c1bb24d4aa42c9c59dd307bec1ee5f88b9145de9873f1b?s=96&d=mm&r=g\",\"contentUrl\":\"https:\\\/\\\/secure.gravatar.com\\\/avatar\\\/e82a1c875af1d10692c1bb24d4aa42c9c59dd307bec1ee5f88b9145de9873f1b?s=96&d=mm&r=g\",\"caption\":\"Eliott_Markus_Dev\"},\"sameAs\":[\"http:\\\/\\\/ppd-fix.local\"]}]}<\/script>\n<!-- \/ Yoast SEO plugin. -->","yoast_head_json":{"title":"La conciliation, proc\u00e9dure de sauvetage privil\u00e9gi\u00e9e des startups","robots":{"index":"index","follow":"follow","max-snippet":"max-snippet:-1","max-image-preview":"max-image-preview:large","max-video-preview":"max-video-preview:-1"},"canonical":"https:\/\/www.parisplacededroit.org\/la-conciliation-procedure-de-sauvetage-privilegiee-des-startups\/","og_locale":"en_US","og_type":"article","og_title":"La conciliation, proc\u00e9dure de sauvetage privil\u00e9gi\u00e9e des startups","og_description":"L\u2019un des traits marquants de l\u2019\u00e9volution de ces derni\u00e8res ann\u00e9es est la pr\u00e9f\u00e9rence accord\u00e9e aux proc\u00e9dures pr\u00e9ventives par rapport aux...","og_url":"https:\/\/www.parisplacededroit.org\/la-conciliation-procedure-de-sauvetage-privilegiee-des-startups\/","og_site_name":"Paris city of law - Legal place in France","article_published_time":"2020-05-22T13:20:23+00:00","author":"Eliott_Markus_Dev","twitter_card":"summary_large_image","twitter_creator":"@ParisPlaceDroit","twitter_site":"@ParisPlaceDroit","twitter_misc":{"Written by":"Eliott_Markus_Dev"},"schema":{"@context":"https:\/\/schema.org","@graph":[{"@type":"Article","@id":"https:\/\/www.parisplacededroit.org\/la-conciliation-procedure-de-sauvetage-privilegiee-des-startups\/#article","isPartOf":{"@id":"https:\/\/www.parisplacededroit.org\/la-conciliation-procedure-de-sauvetage-privilegiee-des-startups\/"},"author":{"name":"Eliott_Markus_Dev","@id":"https:\/\/www.parisplacededroit.org\/#\/schema\/person\/d3b592378021fc5c18c7e4fb79445f3f"},"headline":"La conciliation, proc\u00e9dure de sauvetage privil\u00e9gi\u00e9e des startups","datePublished":"2020-05-22T13:20:23+00:00","mainEntityOfPage":{"@id":"https:\/\/www.parisplacededroit.org\/la-conciliation-procedure-de-sauvetage-privilegiee-des-startups\/"},"wordCount":98,"commentCount":0,"articleSection":["Non classifi\u00e9(e)"],"inLanguage":"en-US","potentialAction":[{"@type":"CommentAction","name":"Comment","target":["https:\/\/www.parisplacededroit.org\/la-conciliation-procedure-de-sauvetage-privilegiee-des-startups\/#respond"]}]},{"@type":"WebPage","@id":"https:\/\/www.parisplacededroit.org\/la-conciliation-procedure-de-sauvetage-privilegiee-des-startups\/","url":"https:\/\/www.parisplacededroit.org\/la-conciliation-procedure-de-sauvetage-privilegiee-des-startups\/","name":"La conciliation, proc\u00e9dure de sauvetage privil\u00e9gi\u00e9e des startups","isPartOf":{"@id":"https:\/\/www.parisplacededroit.org\/#website"},"datePublished":"2020-05-22T13:20:23+00:00","author":{"@id":"https:\/\/www.parisplacededroit.org\/#\/schema\/person\/d3b592378021fc5c18c7e4fb79445f3f"},"breadcrumb":{"@id":"https:\/\/www.parisplacededroit.org\/la-conciliation-procedure-de-sauvetage-privilegiee-des-startups\/#breadcrumb"},"inLanguage":"en-US","potentialAction":[{"@type":"ReadAction","target":["https:\/\/www.parisplacededroit.org\/la-conciliation-procedure-de-sauvetage-privilegiee-des-startups\/"]}]},{"@type":"BreadcrumbList","@id":"https:\/\/www.parisplacededroit.org\/la-conciliation-procedure-de-sauvetage-privilegiee-des-startups\/#breadcrumb","itemListElement":[{"@type":"ListItem","position":1,"name":"Accueil","item":"https:\/\/www.parisplacededroit.org\/en\/"},{"@type":"ListItem","position":2,"name":"La conciliation, proc\u00e9dure de sauvetage privil\u00e9gi\u00e9e des startups"}]},{"@type":"WebSite","@id":"https:\/\/www.parisplacededroit.org\/#website","url":"https:\/\/www.parisplacededroit.org\/","name":"Paris city of law - Legal place in France","description":"With Paris Place of Law, our city build a unique legal place. It is a safe and competitive legal framework that Paris offers to French and foreign companies.","potentialAction":[{"@type":"SearchAction","target":{"@type":"EntryPoint","urlTemplate":"https:\/\/www.parisplacededroit.org\/?s={search_term_string}"},"query-input":{"@type":"PropertyValueSpecification","valueRequired":true,"valueName":"search_term_string"}}],"inLanguage":"en-US"},{"@type":"Person","@id":"https:\/\/www.parisplacededroit.org\/#\/schema\/person\/d3b592378021fc5c18c7e4fb79445f3f","name":"Eliott_Markus_Dev","image":{"@type":"ImageObject","inLanguage":"en-US","@id":"https:\/\/secure.gravatar.com\/avatar\/e82a1c875af1d10692c1bb24d4aa42c9c59dd307bec1ee5f88b9145de9873f1b?s=96&d=mm&r=g","url":"https:\/\/secure.gravatar.com\/avatar\/e82a1c875af1d10692c1bb24d4aa42c9c59dd307bec1ee5f88b9145de9873f1b?s=96&d=mm&r=g","contentUrl":"https:\/\/secure.gravatar.com\/avatar\/e82a1c875af1d10692c1bb24d4aa42c9c59dd307bec1ee5f88b9145de9873f1b?s=96&d=mm&r=g","caption":"Eliott_Markus_Dev"},"sameAs":["http:\/\/ppd-fix.local"]}]}},"_links":{"self":[{"href":"https:\/\/www.parisplacededroit.org\/en\/wp-json\/wp\/v2\/posts\/650","targetHints":{"allow":["GET"]}}],"collection":[{"href":"https:\/\/www.parisplacededroit.org\/en\/wp-json\/wp\/v2\/posts"}],"about":[{"href":"https:\/\/www.parisplacededroit.org\/en\/wp-json\/wp\/v2\/types\/post"}],"author":[{"embeddable":true,"href":"https:\/\/www.parisplacededroit.org\/en\/wp-json\/wp\/v2\/users\/1"}],"replies":[{"embeddable":true,"href":"https:\/\/www.parisplacededroit.org\/en\/wp-json\/wp\/v2\/comments?post=650"}],"version-history":[{"count":0,"href":"https:\/\/www.parisplacededroit.org\/en\/wp-json\/wp\/v2\/posts\/650\/revisions"}],"wp:attachment":[{"href":"https:\/\/www.parisplacededroit.org\/en\/wp-json\/wp\/v2\/media?parent=650"}],"wp:term":[{"taxonomy":"category","embeddable":true,"href":"https:\/\/www.parisplacededroit.org\/en\/wp-json\/wp\/v2\/categories?post=650"},{"taxonomy":"post_tag","embeddable":true,"href":"https:\/\/www.parisplacededroit.org\/en\/wp-json\/wp\/v2\/tags?post=650"}],"curies":[{"name":"wp","href":"https:\/\/api.w.org\/{rel}","templated":true}]}}