{"id":645,"date":"2020-08-12T14:22:34","date_gmt":"2020-08-12T14:22:34","guid":{"rendered":"http:\/\/ppd-fix.local\/tiers-conciliateurs-mediation-des-entreprises-de-nouvelles-voies\/"},"modified":"2020-08-12T14:22:34","modified_gmt":"2020-08-12T14:22:34","slug":"tiers-conciliateurs-mediation-des-entreprises-de-nouvelles-voies","status":"publish","type":"post","link":"https:\/\/www.parisplacededroit.org\/en\/tiers-conciliateurs-mediation-des-entreprises-de-nouvelles-voies\/","title":{"rendered":"Tiers Conciliateurs : M\u00e9diation des entreprises, de nouvelles voies"},"content":{"rendered":"<p>La m\u00e9diation des entreprises est un sujet d\u2019actualit\u00e9, suite \u00e0 la COVID-19. Cet \u00e9v\u00e9nement a fragilis\u00e9 l\u2019\u00e9conomie nationale, mais pas seulement. Les relations entre les entreprises, fournisseurs et prestataires p\u00e2tissent de l\u2019arr\u00eat d\u2019activit\u00e9. Les TPE et les PME sont impact\u00e9es elles aussi, malgr\u00e9 une reprise progressive mais timide. En Nouvelle-Aquitaine, selon un rapport de l\u2019INSEE au cours du 1er trimestre 2020, 40 000 personnes ont perdu leur emploi, en lien direct avec le confinement impos\u00e9 \u00e0 tous. Une situation r\u00e9percut\u00e9e sur l\u2019activit\u00e9 des entreprises, qui tentent de reprendre une activit\u00e9 normale rapidement.<\/p>\n<p> D\u00e9couvrez la suite de l&#8217;article sur le site <strong>Bordeaux Business<\/strong> en cliquant <a href=\"https:\/\/www.bordeaux.business\/tiers-conciliateurs-mediation-des-entreprises-de-nouvelles-voies\/\" rel=\"noopener noreferrer\" target=\"_blank\">ici<\/a><\/p>\n","protected":false},"excerpt":{"rendered":"<p>La m\u00e9diation des entreprises est un sujet d\u2019actualit\u00e9, suite \u00e0 la COVID-19. Cet \u00e9v\u00e9nement a fragilis\u00e9 l\u2019\u00e9conomie nationale, mais pas&#8230;<\/p>\n","protected":false},"author":1,"featured_media":0,"comment_status":"open","ping_status":"open","sticky":false,"template":"","format":"standard","meta":{"_acf_changed":false,"footnotes":""},"categories":[37],"tags":[],"class_list":["post-645","post","type-post","status-publish","format-standard","hentry","category-non-classifiae"],"acf":[],"yoast_head":"<!-- This site is optimized with the Yoast SEO plugin v27.3 - https:\/\/yoast.com\/product\/yoast-seo-wordpress\/ -->\n<title>Tiers Conciliateurs : M\u00e9diation des entreprises, de nouvelles voies<\/title>\n<meta name=\"robots\" content=\"index, follow, max-snippet:-1, max-image-preview:large, max-video-preview:-1\" \/>\n<link rel=\"canonical\" href=\"https:\/\/www.parisplacededroit.org\/tiers-conciliateurs-mediation-des-entreprises-de-nouvelles-voies\/\" \/>\n<meta property=\"og:locale\" content=\"en_US\" \/>\n<meta property=\"og:type\" content=\"article\" \/>\n<meta property=\"og:title\" content=\"Tiers Conciliateurs : M\u00e9diation des entreprises, de nouvelles voies\" \/>\n<meta property=\"og:description\" content=\"La m\u00e9diation des entreprises est un sujet d\u2019actualit\u00e9, suite \u00e0 la COVID-19. Cet \u00e9v\u00e9nement a fragilis\u00e9 l\u2019\u00e9conomie nationale, mais pas...\" \/>\n<meta property=\"og:url\" content=\"https:\/\/www.parisplacededroit.org\/tiers-conciliateurs-mediation-des-entreprises-de-nouvelles-voies\/\" \/>\n<meta property=\"og:site_name\" content=\"Paris city of law - Legal place in France\" \/>\n<meta property=\"article:published_time\" content=\"2020-08-12T14:22:34+00:00\" \/>\n<meta name=\"author\" content=\"Eliott_Markus_Dev\" \/>\n<meta name=\"twitter:card\" content=\"summary_large_image\" \/>\n<meta name=\"twitter:creator\" content=\"@ParisPlaceDroit\" \/>\n<meta name=\"twitter:site\" content=\"@ParisPlaceDroit\" \/>\n<meta name=\"twitter:label1\" content=\"Written by\" \/>\n\t<meta name=\"twitter:data1\" content=\"Eliott_Markus_Dev\" \/>\n\t<meta name=\"twitter:label2\" content=\"Est. reading time\" \/>\n\t<meta name=\"twitter:data2\" content=\"1 minute\" \/>\n<script type=\"application\/ld+json\" class=\"yoast-schema-graph\">{\"@context\":\"https:\\\/\\\/schema.org\",\"@graph\":[{\"@type\":\"Article\",\"@id\":\"https:\\\/\\\/www.parisplacededroit.org\\\/tiers-conciliateurs-mediation-des-entreprises-de-nouvelles-voies\\\/#article\",\"isPartOf\":{\"@id\":\"https:\\\/\\\/www.parisplacededroit.org\\\/tiers-conciliateurs-mediation-des-entreprises-de-nouvelles-voies\\\/\"},\"author\":{\"name\":\"Eliott_Markus_Dev\",\"@id\":\"https:\\\/\\\/www.parisplacededroit.org\\\/#\\\/schema\\\/person\\\/d3b592378021fc5c18c7e4fb79445f3f\"},\"headline\":\"Tiers Conciliateurs : M\u00e9diation des entreprises, de nouvelles voies\",\"datePublished\":\"2020-08-12T14:22:34+00:00\",\"mainEntityOfPage\":{\"@id\":\"https:\\\/\\\/www.parisplacededroit.org\\\/tiers-conciliateurs-mediation-des-entreprises-de-nouvelles-voies\\\/\"},\"wordCount\":124,\"commentCount\":0,\"articleSection\":[\"Non classifi\u00e9(e)\"],\"inLanguage\":\"en-US\",\"potentialAction\":[{\"@type\":\"CommentAction\",\"name\":\"Comment\",\"target\":[\"https:\\\/\\\/www.parisplacededroit.org\\\/tiers-conciliateurs-mediation-des-entreprises-de-nouvelles-voies\\\/#respond\"]}]},{\"@type\":\"WebPage\",\"@id\":\"https:\\\/\\\/www.parisplacededroit.org\\\/tiers-conciliateurs-mediation-des-entreprises-de-nouvelles-voies\\\/\",\"url\":\"https:\\\/\\\/www.parisplacededroit.org\\\/tiers-conciliateurs-mediation-des-entreprises-de-nouvelles-voies\\\/\",\"name\":\"Tiers Conciliateurs : M\u00e9diation des entreprises, de nouvelles voies\",\"isPartOf\":{\"@id\":\"https:\\\/\\\/www.parisplacededroit.org\\\/#website\"},\"datePublished\":\"2020-08-12T14:22:34+00:00\",\"author\":{\"@id\":\"https:\\\/\\\/www.parisplacededroit.org\\\/#\\\/schema\\\/person\\\/d3b592378021fc5c18c7e4fb79445f3f\"},\"breadcrumb\":{\"@id\":\"https:\\\/\\\/www.parisplacededroit.org\\\/tiers-conciliateurs-mediation-des-entreprises-de-nouvelles-voies\\\/#breadcrumb\"},\"inLanguage\":\"en-US\",\"potentialAction\":[{\"@type\":\"ReadAction\",\"target\":[\"https:\\\/\\\/www.parisplacededroit.org\\\/tiers-conciliateurs-mediation-des-entreprises-de-nouvelles-voies\\\/\"]}]},{\"@type\":\"BreadcrumbList\",\"@id\":\"https:\\\/\\\/www.parisplacededroit.org\\\/tiers-conciliateurs-mediation-des-entreprises-de-nouvelles-voies\\\/#breadcrumb\",\"itemListElement\":[{\"@type\":\"ListItem\",\"position\":1,\"name\":\"Accueil\",\"item\":\"https:\\\/\\\/www.parisplacededroit.org\\\/en\\\/\"},{\"@type\":\"ListItem\",\"position\":2,\"name\":\"Tiers Conciliateurs : M\u00e9diation des entreprises, de nouvelles voies\"}]},{\"@type\":\"WebSite\",\"@id\":\"https:\\\/\\\/www.parisplacededroit.org\\\/#website\",\"url\":\"https:\\\/\\\/www.parisplacededroit.org\\\/\",\"name\":\"Paris city of law - Legal place in France\",\"description\":\"With Paris Place of Law, our city build a unique legal place. It is a safe and competitive legal framework that Paris offers to French and foreign companies.\",\"potentialAction\":[{\"@type\":\"SearchAction\",\"target\":{\"@type\":\"EntryPoint\",\"urlTemplate\":\"https:\\\/\\\/www.parisplacededroit.org\\\/?s={search_term_string}\"},\"query-input\":{\"@type\":\"PropertyValueSpecification\",\"valueRequired\":true,\"valueName\":\"search_term_string\"}}],\"inLanguage\":\"en-US\"},{\"@type\":\"Person\",\"@id\":\"https:\\\/\\\/www.parisplacededroit.org\\\/#\\\/schema\\\/person\\\/d3b592378021fc5c18c7e4fb79445f3f\",\"name\":\"Eliott_Markus_Dev\",\"image\":{\"@type\":\"ImageObject\",\"inLanguage\":\"en-US\",\"@id\":\"https:\\\/\\\/secure.gravatar.com\\\/avatar\\\/e82a1c875af1d10692c1bb24d4aa42c9c59dd307bec1ee5f88b9145de9873f1b?s=96&d=mm&r=g\",\"url\":\"https:\\\/\\\/secure.gravatar.com\\\/avatar\\\/e82a1c875af1d10692c1bb24d4aa42c9c59dd307bec1ee5f88b9145de9873f1b?s=96&d=mm&r=g\",\"contentUrl\":\"https:\\\/\\\/secure.gravatar.com\\\/avatar\\\/e82a1c875af1d10692c1bb24d4aa42c9c59dd307bec1ee5f88b9145de9873f1b?s=96&d=mm&r=g\",\"caption\":\"Eliott_Markus_Dev\"},\"sameAs\":[\"http:\\\/\\\/ppd-fix.local\"]}]}<\/script>\n<!-- \/ Yoast SEO plugin. -->","yoast_head_json":{"title":"Tiers Conciliateurs : M\u00e9diation des entreprises, de nouvelles voies","robots":{"index":"index","follow":"follow","max-snippet":"max-snippet:-1","max-image-preview":"max-image-preview:large","max-video-preview":"max-video-preview:-1"},"canonical":"https:\/\/www.parisplacededroit.org\/tiers-conciliateurs-mediation-des-entreprises-de-nouvelles-voies\/","og_locale":"en_US","og_type":"article","og_title":"Tiers Conciliateurs : M\u00e9diation des entreprises, de nouvelles voies","og_description":"La m\u00e9diation des entreprises est un sujet d\u2019actualit\u00e9, suite \u00e0 la COVID-19. Cet \u00e9v\u00e9nement a fragilis\u00e9 l\u2019\u00e9conomie nationale, mais pas...","og_url":"https:\/\/www.parisplacededroit.org\/tiers-conciliateurs-mediation-des-entreprises-de-nouvelles-voies\/","og_site_name":"Paris city of law - Legal place in France","article_published_time":"2020-08-12T14:22:34+00:00","author":"Eliott_Markus_Dev","twitter_card":"summary_large_image","twitter_creator":"@ParisPlaceDroit","twitter_site":"@ParisPlaceDroit","twitter_misc":{"Written by":"Eliott_Markus_Dev","Est. reading time":"1 minute"},"schema":{"@context":"https:\/\/schema.org","@graph":[{"@type":"Article","@id":"https:\/\/www.parisplacededroit.org\/tiers-conciliateurs-mediation-des-entreprises-de-nouvelles-voies\/#article","isPartOf":{"@id":"https:\/\/www.parisplacededroit.org\/tiers-conciliateurs-mediation-des-entreprises-de-nouvelles-voies\/"},"author":{"name":"Eliott_Markus_Dev","@id":"https:\/\/www.parisplacededroit.org\/#\/schema\/person\/d3b592378021fc5c18c7e4fb79445f3f"},"headline":"Tiers Conciliateurs : M\u00e9diation des entreprises, de nouvelles voies","datePublished":"2020-08-12T14:22:34+00:00","mainEntityOfPage":{"@id":"https:\/\/www.parisplacededroit.org\/tiers-conciliateurs-mediation-des-entreprises-de-nouvelles-voies\/"},"wordCount":124,"commentCount":0,"articleSection":["Non classifi\u00e9(e)"],"inLanguage":"en-US","potentialAction":[{"@type":"CommentAction","name":"Comment","target":["https:\/\/www.parisplacededroit.org\/tiers-conciliateurs-mediation-des-entreprises-de-nouvelles-voies\/#respond"]}]},{"@type":"WebPage","@id":"https:\/\/www.parisplacededroit.org\/tiers-conciliateurs-mediation-des-entreprises-de-nouvelles-voies\/","url":"https:\/\/www.parisplacededroit.org\/tiers-conciliateurs-mediation-des-entreprises-de-nouvelles-voies\/","name":"Tiers Conciliateurs : M\u00e9diation des entreprises, de nouvelles voies","isPartOf":{"@id":"https:\/\/www.parisplacededroit.org\/#website"},"datePublished":"2020-08-12T14:22:34+00:00","author":{"@id":"https:\/\/www.parisplacededroit.org\/#\/schema\/person\/d3b592378021fc5c18c7e4fb79445f3f"},"breadcrumb":{"@id":"https:\/\/www.parisplacededroit.org\/tiers-conciliateurs-mediation-des-entreprises-de-nouvelles-voies\/#breadcrumb"},"inLanguage":"en-US","potentialAction":[{"@type":"ReadAction","target":["https:\/\/www.parisplacededroit.org\/tiers-conciliateurs-mediation-des-entreprises-de-nouvelles-voies\/"]}]},{"@type":"BreadcrumbList","@id":"https:\/\/www.parisplacededroit.org\/tiers-conciliateurs-mediation-des-entreprises-de-nouvelles-voies\/#breadcrumb","itemListElement":[{"@type":"ListItem","position":1,"name":"Accueil","item":"https:\/\/www.parisplacededroit.org\/en\/"},{"@type":"ListItem","position":2,"name":"Tiers Conciliateurs : M\u00e9diation des entreprises, de nouvelles voies"}]},{"@type":"WebSite","@id":"https:\/\/www.parisplacededroit.org\/#website","url":"https:\/\/www.parisplacededroit.org\/","name":"Paris city of law - Legal place in France","description":"With Paris Place of Law, our city build a unique legal place. It is a safe and competitive legal framework that Paris offers to French and foreign companies.","potentialAction":[{"@type":"SearchAction","target":{"@type":"EntryPoint","urlTemplate":"https:\/\/www.parisplacededroit.org\/?s={search_term_string}"},"query-input":{"@type":"PropertyValueSpecification","valueRequired":true,"valueName":"search_term_string"}}],"inLanguage":"en-US"},{"@type":"Person","@id":"https:\/\/www.parisplacededroit.org\/#\/schema\/person\/d3b592378021fc5c18c7e4fb79445f3f","name":"Eliott_Markus_Dev","image":{"@type":"ImageObject","inLanguage":"en-US","@id":"https:\/\/secure.gravatar.com\/avatar\/e82a1c875af1d10692c1bb24d4aa42c9c59dd307bec1ee5f88b9145de9873f1b?s=96&d=mm&r=g","url":"https:\/\/secure.gravatar.com\/avatar\/e82a1c875af1d10692c1bb24d4aa42c9c59dd307bec1ee5f88b9145de9873f1b?s=96&d=mm&r=g","contentUrl":"https:\/\/secure.gravatar.com\/avatar\/e82a1c875af1d10692c1bb24d4aa42c9c59dd307bec1ee5f88b9145de9873f1b?s=96&d=mm&r=g","caption":"Eliott_Markus_Dev"},"sameAs":["http:\/\/ppd-fix.local"]}]}},"_links":{"self":[{"href":"https:\/\/www.parisplacededroit.org\/en\/wp-json\/wp\/v2\/posts\/645","targetHints":{"allow":["GET"]}}],"collection":[{"href":"https:\/\/www.parisplacededroit.org\/en\/wp-json\/wp\/v2\/posts"}],"about":[{"href":"https:\/\/www.parisplacededroit.org\/en\/wp-json\/wp\/v2\/types\/post"}],"author":[{"embeddable":true,"href":"https:\/\/www.parisplacededroit.org\/en\/wp-json\/wp\/v2\/users\/1"}],"replies":[{"embeddable":true,"href":"https:\/\/www.parisplacededroit.org\/en\/wp-json\/wp\/v2\/comments?post=645"}],"version-history":[{"count":0,"href":"https:\/\/www.parisplacededroit.org\/en\/wp-json\/wp\/v2\/posts\/645\/revisions"}],"wp:attachment":[{"href":"https:\/\/www.parisplacededroit.org\/en\/wp-json\/wp\/v2\/media?parent=645"}],"wp:term":[{"taxonomy":"category","embeddable":true,"href":"https:\/\/www.parisplacededroit.org\/en\/wp-json\/wp\/v2\/categories?post=645"},{"taxonomy":"post_tag","embeddable":true,"href":"https:\/\/www.parisplacededroit.org\/en\/wp-json\/wp\/v2\/tags?post=645"}],"curies":[{"name":"wp","href":"https:\/\/api.w.org\/{rel}","templated":true}]}}