{"id":640,"date":"2020-05-19T15:13:19","date_gmt":"2020-05-19T15:13:19","guid":{"rendered":"http:\/\/ppd-fix.local\/solidarite-aux-entreprises-creation-de-la-tierce-conciliation\/"},"modified":"2020-05-19T15:13:19","modified_gmt":"2020-05-19T15:13:19","slug":"solidarite-aux-entreprises-creation-de-la-tierce-conciliation","status":"publish","type":"post","link":"https:\/\/www.parisplacededroit.org\/en\/solidarite-aux-entreprises-creation-de-la-tierce-conciliation\/","title":{"rendered":"Solidarit\u00e9 aux entreprises : Cr\u00e9ation de la Tierce-Conciliation"},"content":{"rendered":"<p><strong>Face \u00e0 l\u2019ampleur des cons\u00e9quences \u00e9conomiques de la crise sanitaire, la famille du droit se mobilise gracieusement dans toute sa diversit\u00e9 en soutient aux entreprises. <\/strong><\/p>\n<p>\u00a0<\/p>\n<p>Afin de r\u00e9pondre aux besoins des acteurs de l\u2019\u00e9conomie, Paris Place de Droit lance la Tierce-Conciliation. Un dispositif extra-judiciaire d\u2019urgence et de conciliation exclusivement d\u00e9di\u00e9e aux entreprises expos\u00e9es \u00e0 des difficult\u00e9s g\u00e9n\u00e9r\u00e9es par les effets du Covid-19.<\/p>\n<p>Issus de toutes les professions juridiques, (juristes d\u2019entreprise, avocats, juges consulaires, universitaires\u2026) les tiers-conciliateurs interviendront b\u00e9n\u00e9volement pour accompagner les entreprises dans la recherche de solutions adapt\u00e9es pour pr\u00e9server leurs relations commerciales.<\/p>\n<p><em>\u00ab\u00a0Gr\u00e2ce \u00e0 l\u2019\u00e9nergie et \u00e0 la mobilisation solidaire de femmes et d\u2019hommes, la fili\u00e8re juridique prend toute sa place pour agir en acc\u00e9l\u00e9rateur de sortie de crise pour les entreprises\u00a0\u00bb,<\/em> indique Frank Gentin, Pr\u00e9sident de Paris Place de Droit.<\/p>\n<p>\u00a0<\/p>\n<ul>\n<li><strong>La cr\u00e9ation d\u2019un nouveau processus de r\u00e8glement des difficult\u00e9s dans les relations commerciales\u00a0: la Tierce-Conciliation\u00a0<\/strong><\/li>\n<\/ul>\n<p>\u00a0<\/p>\n<p>Gr\u00e2ce \u00e0 la mise \u00e0 disposition d\u2019une plateforme digitale collaborative, les entreprises pourront b\u00e9n\u00e9ficier gratuitement de la mise en place d\u2019espaces temporaires de n\u00e9gociation. L\u2019initiative a pour objectif d\u2019\u00e9viter de se retrouver devant des tribunaux pour des litiges li\u00e9s aux difficult\u00e9s survenues dans l\u2019ex\u00e9cution de contrat du fait de la crise li\u00e9e au Covid-19.<\/p>\n<p>La mise \u00e0 disposition de cette plateforme permettra aux entreprises de g\u00e9rer les difficult\u00e9s dans les relations commerciales cons\u00e9cutives a\u0300 la crise du COVID-19\u00a0en \u00e9vitant de porter leur situation sur le terrain judiciaire ou arbitral, tout en s\u2019assurant de la pr\u00e9servation de leurs droits (am\u00e9nagement conventionnel d\u00e9lais de prescription, confidentialit\u00e9\u0301 des r\u00e9unions de n\u00e9gociations, \u2026).<\/p>\n<p>\u00a0<\/p>\n<ul>\n<li><strong>Le fonctionnement de la tierce conciliation<\/strong><\/li>\n<\/ul>\n<p>\u00a0<\/p>\n<p>La plateforme de conciliation devra \u00eatre saisie sur requ\u00eate conjointe des parties, sans limitation de comp\u00e9tence territoriale. Les parties devront alors indiquer la nature de leurs difficult\u00e9s en s\u2019acquittant uniquement des frais de fonctionnement.<\/p>\n<p>\u00a0<\/p>\n<p>La recevabilit\u00e9 de la demande est subordonn\u00e9e \u00e0 deux conditions\u00a0:<\/p>\n<ul>\n<li>&#8211; B\u00e9n\u00e9ficier de la qualit\u00e9 de commer\u00e7ant<\/li>\n<li>&#8211; Les difficult\u00e9s commerciales doivent relever d\u2019une inex\u00e9cution contractuelle pour cause de Covid-19<\/li>\n<\/ul>\n<p>\u00a0<\/p>\n<p>Les parties seront alors convoqu\u00e9es pour des r\u00e9unions de n\u00e9gociations sous forme de vid\u00e9o-conf\u00e9rence ou en pr\u00e9sentiel si la complexit\u00e9\u0301 du dossier l\u2019impose. Un tiers conciliateur d\u00e9sign\u00e9 tentera de trouver un accord en fonction de l\u2019analyse de la situation juridique des parties et, le cas \u00e9ch\u00e9ant, identifiera une voie de facilitation sous la forme d\u2019un avenant contractuel ou d\u2019une transaction susceptible d\u2019homologation.<\/p>\n<p>\u00a0<\/p>\n<p>A d\u00e9faut d\u2019accord, les parties seront orient\u00e9es vers les voies habituelles de r\u00e8glement des conflits. Ainsi, se fera naturellement un premier tri de l\u2019urgence entre les affaires susceptibles de se r\u00e9gler rapidement, par la voie de cette tierce-conciliation, et celles qui, \u00e0 d\u00e9faut d\u2019accord, retrouveront les voies classiques de r\u00e9solution des contentieux.<\/p>\n<p>\u00a0<\/p>\n<p><strong>D\u00e9couvrez d\u00e8s \u00e0 pr\u00e9sent la plateforme digitale collaborative\u00a0:<\/strong><\/p>\n<p><a href=\"https:\/\/tiers-conciliateurs.fr\"><strong>https:\/\/tiers-conciliateurs.fr<\/strong><\/a><\/p>\n<p>\u00a0<\/p>\n<p><strong>D\u00e9couvrez notre vid\u00e9o\u00a0:<\/strong><\/p>\n<p><a href=\"https:\/\/tiers-conciliateurs.fr\/video\/Tiersconciliateurs-Motion.mp4\"><strong>https:\/\/tiers-conciliateurs.fr\/video\/Tiersconciliateurs-Motion.mp4<\/strong><\/a><\/p>\n","protected":false},"excerpt":{"rendered":"<p>Face \u00e0 l\u2019ampleur des cons\u00e9quences \u00e9conomiques de la crise sanitaire, la famille du droit se mobilise gracieusement dans toute sa&#8230;<\/p>\n","protected":false},"author":1,"featured_media":0,"comment_status":"open","ping_status":"open","sticky":false,"template":"","format":"standard","meta":{"_acf_changed":false,"footnotes":""},"categories":[37],"tags":[],"class_list":["post-640","post","type-post","status-publish","format-standard","hentry","category-non-classifiae"],"acf":[],"yoast_head":"<!-- This site is optimized with the Yoast SEO plugin v27.3 - https:\/\/yoast.com\/product\/yoast-seo-wordpress\/ -->\n<title>Solidarit\u00e9 aux entreprises : Cr\u00e9ation de la Tierce-Conciliation<\/title>\n<meta name=\"robots\" content=\"index, follow, max-snippet:-1, max-image-preview:large, max-video-preview:-1\" \/>\n<link rel=\"canonical\" href=\"https:\/\/www.parisplacededroit.org\/solidarite-aux-entreprises-creation-de-la-tierce-conciliation\/\" \/>\n<meta property=\"og:locale\" content=\"en_US\" \/>\n<meta property=\"og:type\" content=\"article\" \/>\n<meta property=\"og:title\" content=\"Solidarit\u00e9 aux entreprises : Cr\u00e9ation de la Tierce-Conciliation\" \/>\n<meta property=\"og:description\" content=\"Face \u00e0 l\u2019ampleur des cons\u00e9quences \u00e9conomiques de la crise sanitaire, la famille du droit se mobilise gracieusement dans toute sa...\" \/>\n<meta property=\"og:url\" content=\"https:\/\/www.parisplacededroit.org\/solidarite-aux-entreprises-creation-de-la-tierce-conciliation\/\" \/>\n<meta property=\"og:site_name\" content=\"Paris city of law - Legal place in France\" \/>\n<meta property=\"article:published_time\" content=\"2020-05-19T15:13:19+00:00\" \/>\n<meta name=\"author\" content=\"Eliott_Markus_Dev\" \/>\n<meta name=\"twitter:card\" content=\"summary_large_image\" \/>\n<meta name=\"twitter:creator\" content=\"@ParisPlaceDroit\" \/>\n<meta name=\"twitter:site\" content=\"@ParisPlaceDroit\" \/>\n<meta name=\"twitter:label1\" content=\"Written by\" \/>\n\t<meta name=\"twitter:data1\" content=\"Eliott_Markus_Dev\" \/>\n\t<meta name=\"twitter:label2\" content=\"Est. reading time\" \/>\n\t<meta name=\"twitter:data2\" content=\"3 minutes\" \/>\n<script type=\"application\/ld+json\" class=\"yoast-schema-graph\">{\"@context\":\"https:\\\/\\\/schema.org\",\"@graph\":[{\"@type\":\"Article\",\"@id\":\"https:\\\/\\\/www.parisplacededroit.org\\\/solidarite-aux-entreprises-creation-de-la-tierce-conciliation\\\/#article\",\"isPartOf\":{\"@id\":\"https:\\\/\\\/www.parisplacededroit.org\\\/solidarite-aux-entreprises-creation-de-la-tierce-conciliation\\\/\"},\"author\":{\"name\":\"Eliott_Markus_Dev\",\"@id\":\"https:\\\/\\\/www.parisplacededroit.org\\\/#\\\/schema\\\/person\\\/d3b592378021fc5c18c7e4fb79445f3f\"},\"headline\":\"Solidarit\u00e9 aux entreprises : Cr\u00e9ation de la Tierce-Conciliation\",\"datePublished\":\"2020-05-19T15:13:19+00:00\",\"mainEntityOfPage\":{\"@id\":\"https:\\\/\\\/www.parisplacededroit.org\\\/solidarite-aux-entreprises-creation-de-la-tierce-conciliation\\\/\"},\"wordCount\":546,\"commentCount\":0,\"articleSection\":[\"Non classifi\u00e9(e)\"],\"inLanguage\":\"en-US\",\"potentialAction\":[{\"@type\":\"CommentAction\",\"name\":\"Comment\",\"target\":[\"https:\\\/\\\/www.parisplacededroit.org\\\/solidarite-aux-entreprises-creation-de-la-tierce-conciliation\\\/#respond\"]}]},{\"@type\":\"WebPage\",\"@id\":\"https:\\\/\\\/www.parisplacededroit.org\\\/solidarite-aux-entreprises-creation-de-la-tierce-conciliation\\\/\",\"url\":\"https:\\\/\\\/www.parisplacededroit.org\\\/solidarite-aux-entreprises-creation-de-la-tierce-conciliation\\\/\",\"name\":\"Solidarit\u00e9 aux entreprises : Cr\u00e9ation de la Tierce-Conciliation\",\"isPartOf\":{\"@id\":\"https:\\\/\\\/www.parisplacededroit.org\\\/#website\"},\"datePublished\":\"2020-05-19T15:13:19+00:00\",\"author\":{\"@id\":\"https:\\\/\\\/www.parisplacededroit.org\\\/#\\\/schema\\\/person\\\/d3b592378021fc5c18c7e4fb79445f3f\"},\"breadcrumb\":{\"@id\":\"https:\\\/\\\/www.parisplacededroit.org\\\/solidarite-aux-entreprises-creation-de-la-tierce-conciliation\\\/#breadcrumb\"},\"inLanguage\":\"en-US\",\"potentialAction\":[{\"@type\":\"ReadAction\",\"target\":[\"https:\\\/\\\/www.parisplacededroit.org\\\/solidarite-aux-entreprises-creation-de-la-tierce-conciliation\\\/\"]}]},{\"@type\":\"BreadcrumbList\",\"@id\":\"https:\\\/\\\/www.parisplacededroit.org\\\/solidarite-aux-entreprises-creation-de-la-tierce-conciliation\\\/#breadcrumb\",\"itemListElement\":[{\"@type\":\"ListItem\",\"position\":1,\"name\":\"Accueil\",\"item\":\"https:\\\/\\\/www.parisplacededroit.org\\\/en\\\/\"},{\"@type\":\"ListItem\",\"position\":2,\"name\":\"Solidarit\u00e9 aux entreprises : Cr\u00e9ation de la Tierce-Conciliation\"}]},{\"@type\":\"WebSite\",\"@id\":\"https:\\\/\\\/www.parisplacededroit.org\\\/#website\",\"url\":\"https:\\\/\\\/www.parisplacededroit.org\\\/\",\"name\":\"Paris city of law - Legal place in France\",\"description\":\"With Paris Place of Law, our city build a unique legal place. It is a safe and competitive legal framework that Paris offers to French and foreign companies.\",\"potentialAction\":[{\"@type\":\"SearchAction\",\"target\":{\"@type\":\"EntryPoint\",\"urlTemplate\":\"https:\\\/\\\/www.parisplacededroit.org\\\/?s={search_term_string}\"},\"query-input\":{\"@type\":\"PropertyValueSpecification\",\"valueRequired\":true,\"valueName\":\"search_term_string\"}}],\"inLanguage\":\"en-US\"},{\"@type\":\"Person\",\"@id\":\"https:\\\/\\\/www.parisplacededroit.org\\\/#\\\/schema\\\/person\\\/d3b592378021fc5c18c7e4fb79445f3f\",\"name\":\"Eliott_Markus_Dev\",\"image\":{\"@type\":\"ImageObject\",\"inLanguage\":\"en-US\",\"@id\":\"https:\\\/\\\/secure.gravatar.com\\\/avatar\\\/e82a1c875af1d10692c1bb24d4aa42c9c59dd307bec1ee5f88b9145de9873f1b?s=96&d=mm&r=g\",\"url\":\"https:\\\/\\\/secure.gravatar.com\\\/avatar\\\/e82a1c875af1d10692c1bb24d4aa42c9c59dd307bec1ee5f88b9145de9873f1b?s=96&d=mm&r=g\",\"contentUrl\":\"https:\\\/\\\/secure.gravatar.com\\\/avatar\\\/e82a1c875af1d10692c1bb24d4aa42c9c59dd307bec1ee5f88b9145de9873f1b?s=96&d=mm&r=g\",\"caption\":\"Eliott_Markus_Dev\"},\"sameAs\":[\"http:\\\/\\\/ppd-fix.local\"]}]}<\/script>\n<!-- \/ Yoast SEO plugin. -->","yoast_head_json":{"title":"Solidarit\u00e9 aux entreprises : Cr\u00e9ation de la Tierce-Conciliation","robots":{"index":"index","follow":"follow","max-snippet":"max-snippet:-1","max-image-preview":"max-image-preview:large","max-video-preview":"max-video-preview:-1"},"canonical":"https:\/\/www.parisplacededroit.org\/solidarite-aux-entreprises-creation-de-la-tierce-conciliation\/","og_locale":"en_US","og_type":"article","og_title":"Solidarit\u00e9 aux entreprises : Cr\u00e9ation de la Tierce-Conciliation","og_description":"Face \u00e0 l\u2019ampleur des cons\u00e9quences \u00e9conomiques de la crise sanitaire, la famille du droit se mobilise gracieusement dans toute sa...","og_url":"https:\/\/www.parisplacededroit.org\/solidarite-aux-entreprises-creation-de-la-tierce-conciliation\/","og_site_name":"Paris city of law - Legal place in France","article_published_time":"2020-05-19T15:13:19+00:00","author":"Eliott_Markus_Dev","twitter_card":"summary_large_image","twitter_creator":"@ParisPlaceDroit","twitter_site":"@ParisPlaceDroit","twitter_misc":{"Written by":"Eliott_Markus_Dev","Est. reading time":"3 minutes"},"schema":{"@context":"https:\/\/schema.org","@graph":[{"@type":"Article","@id":"https:\/\/www.parisplacededroit.org\/solidarite-aux-entreprises-creation-de-la-tierce-conciliation\/#article","isPartOf":{"@id":"https:\/\/www.parisplacededroit.org\/solidarite-aux-entreprises-creation-de-la-tierce-conciliation\/"},"author":{"name":"Eliott_Markus_Dev","@id":"https:\/\/www.parisplacededroit.org\/#\/schema\/person\/d3b592378021fc5c18c7e4fb79445f3f"},"headline":"Solidarit\u00e9 aux entreprises : Cr\u00e9ation de la Tierce-Conciliation","datePublished":"2020-05-19T15:13:19+00:00","mainEntityOfPage":{"@id":"https:\/\/www.parisplacededroit.org\/solidarite-aux-entreprises-creation-de-la-tierce-conciliation\/"},"wordCount":546,"commentCount":0,"articleSection":["Non classifi\u00e9(e)"],"inLanguage":"en-US","potentialAction":[{"@type":"CommentAction","name":"Comment","target":["https:\/\/www.parisplacededroit.org\/solidarite-aux-entreprises-creation-de-la-tierce-conciliation\/#respond"]}]},{"@type":"WebPage","@id":"https:\/\/www.parisplacededroit.org\/solidarite-aux-entreprises-creation-de-la-tierce-conciliation\/","url":"https:\/\/www.parisplacededroit.org\/solidarite-aux-entreprises-creation-de-la-tierce-conciliation\/","name":"Solidarit\u00e9 aux entreprises : Cr\u00e9ation de la Tierce-Conciliation","isPartOf":{"@id":"https:\/\/www.parisplacededroit.org\/#website"},"datePublished":"2020-05-19T15:13:19+00:00","author":{"@id":"https:\/\/www.parisplacededroit.org\/#\/schema\/person\/d3b592378021fc5c18c7e4fb79445f3f"},"breadcrumb":{"@id":"https:\/\/www.parisplacededroit.org\/solidarite-aux-entreprises-creation-de-la-tierce-conciliation\/#breadcrumb"},"inLanguage":"en-US","potentialAction":[{"@type":"ReadAction","target":["https:\/\/www.parisplacededroit.org\/solidarite-aux-entreprises-creation-de-la-tierce-conciliation\/"]}]},{"@type":"BreadcrumbList","@id":"https:\/\/www.parisplacededroit.org\/solidarite-aux-entreprises-creation-de-la-tierce-conciliation\/#breadcrumb","itemListElement":[{"@type":"ListItem","position":1,"name":"Accueil","item":"https:\/\/www.parisplacededroit.org\/en\/"},{"@type":"ListItem","position":2,"name":"Solidarit\u00e9 aux entreprises : Cr\u00e9ation de la Tierce-Conciliation"}]},{"@type":"WebSite","@id":"https:\/\/www.parisplacededroit.org\/#website","url":"https:\/\/www.parisplacededroit.org\/","name":"Paris city of law - Legal place in France","description":"With Paris Place of Law, our city build a unique legal place. It is a safe and competitive legal framework that Paris offers to French and foreign companies.","potentialAction":[{"@type":"SearchAction","target":{"@type":"EntryPoint","urlTemplate":"https:\/\/www.parisplacededroit.org\/?s={search_term_string}"},"query-input":{"@type":"PropertyValueSpecification","valueRequired":true,"valueName":"search_term_string"}}],"inLanguage":"en-US"},{"@type":"Person","@id":"https:\/\/www.parisplacededroit.org\/#\/schema\/person\/d3b592378021fc5c18c7e4fb79445f3f","name":"Eliott_Markus_Dev","image":{"@type":"ImageObject","inLanguage":"en-US","@id":"https:\/\/secure.gravatar.com\/avatar\/e82a1c875af1d10692c1bb24d4aa42c9c59dd307bec1ee5f88b9145de9873f1b?s=96&d=mm&r=g","url":"https:\/\/secure.gravatar.com\/avatar\/e82a1c875af1d10692c1bb24d4aa42c9c59dd307bec1ee5f88b9145de9873f1b?s=96&d=mm&r=g","contentUrl":"https:\/\/secure.gravatar.com\/avatar\/e82a1c875af1d10692c1bb24d4aa42c9c59dd307bec1ee5f88b9145de9873f1b?s=96&d=mm&r=g","caption":"Eliott_Markus_Dev"},"sameAs":["http:\/\/ppd-fix.local"]}]}},"_links":{"self":[{"href":"https:\/\/www.parisplacededroit.org\/en\/wp-json\/wp\/v2\/posts\/640","targetHints":{"allow":["GET"]}}],"collection":[{"href":"https:\/\/www.parisplacededroit.org\/en\/wp-json\/wp\/v2\/posts"}],"about":[{"href":"https:\/\/www.parisplacededroit.org\/en\/wp-json\/wp\/v2\/types\/post"}],"author":[{"embeddable":true,"href":"https:\/\/www.parisplacededroit.org\/en\/wp-json\/wp\/v2\/users\/1"}],"replies":[{"embeddable":true,"href":"https:\/\/www.parisplacededroit.org\/en\/wp-json\/wp\/v2\/comments?post=640"}],"version-history":[{"count":0,"href":"https:\/\/www.parisplacededroit.org\/en\/wp-json\/wp\/v2\/posts\/640\/revisions"}],"wp:attachment":[{"href":"https:\/\/www.parisplacededroit.org\/en\/wp-json\/wp\/v2\/media?parent=640"}],"wp:term":[{"taxonomy":"category","embeddable":true,"href":"https:\/\/www.parisplacededroit.org\/en\/wp-json\/wp\/v2\/categories?post=640"},{"taxonomy":"post_tag","embeddable":true,"href":"https:\/\/www.parisplacededroit.org\/en\/wp-json\/wp\/v2\/tags?post=640"}],"curies":[{"name":"wp","href":"https:\/\/api.w.org\/{rel}","templated":true}]}}