{"id":3222,"date":"2024-09-27T08:52:04","date_gmt":"2024-09-27T08:52:04","guid":{"rendered":"https:\/\/www.parisplacededroit.org\/?p=3222"},"modified":"2024-09-27T08:54:34","modified_gmt":"2024-09-27T08:54:34","slug":"paris-4e-tribunal-de-commerce-paris-place-de-droit","status":"publish","type":"post","link":"https:\/\/www.parisplacededroit.org\/en\/paris-4e-tribunal-de-commerce-paris-place-de-droit\/","title":{"rendered":"Paris 4e : Tribunal de commerce, Paris Place de Droit"},"content":{"rendered":"\n<h2 style=\"font-size : 40px\" class=\"wp-block-heading has-text-align-center\">Tribunal de commerce &#8211; 1 quai de la Corse 75004 Paris<\/h2>\n\n\n\n<p><\/p>\n\n\n\n<h3 class=\"wp-block-heading\" style=\"margin-bottom : 30px\">De 19:00 \u00e0 23:00 : Au programme de la Nuit du Droit 2024<\/h3>\n\n\n\n<p><\/p>\n\n\n\n<p>\u00c0 l\u2019occasion de la Nuit du Droit 2024, le jeudi 3 octobre, Le Tribunal de commerce de Paris et Paris Place de Droit ont le plaisir de vous inviter \u00e0 rencontrer la communaut\u00e9 du droit des affaires r\u00e9unie autour de plusieurs tables rondes.<\/p>\n\n\n\n<h2 style=\"margin-top : 40px; \" class=\"wp-block-heading has-text-align-center\">Tables rondes th\u00e9matiques :<\/h2>\n\n\n\n<h2 style=\"margin-bottom : 40px;\" class=\"wp-block-heading has-text-align-center\">\u00ab&nbsp;Quel droit pour un monde boulevers\u00e9 ?&nbsp;&nbsp;\u00bb<\/h2>\n\n\n\n<p><\/p>\n\n\n\n<p style=\"text-align:center ; margin-bottom : 40px; font-size: 16px;\" class=\"has-text-align-center\">Entr\u00e9e gratuite, inscription sur le site :&nbsp;<a href=\"https:\/\/mailchi.mp\/paris\/704wttxk3u\" target=\"_blank\" rel=\"noreferrer noopener\">https:\/\/mailchi.mp\/paris\/704wttxk3u<\/a><br>Lieu : Tribunal de commerce de Paris, 1 quai de la Corse, Paris 4e<\/p>\n\n\n\n<p><\/p>\n\n\n\n<p>Climatique, num\u00e9rique, g\u00e9opolitique ou politique\u2026 Notre monde est confront\u00e9 \u00e0 des bouleversements d\u2019une intensit\u00e9 sans pr\u00e9c\u00e9dent. Quelles sont les r\u00e9ponses du droit ? Venez \u00e9couter les r\u00e9ponses des experts r\u00e9unis par Paris Place de Droit.<\/p>\n\n\n\n<p><p style=\"margin-top : 20px\">Au programme :<\/p><\/p>\n\n\n\n<p>\u2666&nbsp;Paris acteur de son attractivit\u00e9<\/p>\n\n\n\n<p>\u2666&nbsp;Fabriquer un droit attractif pour l\u2019industrie de l\u2019IA<\/p>\n\n\n\n<p>\u2666&nbsp;Quels bouleversements du droit du march\u00e9 ?<\/p>\n\n\n\n<p>\u2666&nbsp;Insolvabilit\u00e9 transfrontali\u00e8re : actualit\u00e9 des travaux de la CNUDCI<\/p>\n\n\n\n<p>\u2666&nbsp;La mont\u00e9e en puissance des contentieux li\u00e9s \u00e0 la compliance<\/p>\n\n\n\n<p>\u2666&nbsp;Faire de Paris une place forte de l\u2019amiable<\/p>\n\n\n\n<p>\u2666&nbsp;Fabrique du droit, souverainet\u00e9 et climat.<\/p>\n\n\n\n<p><\/p>\n\n\n\n<figure style=\"margin: 20px auto; display: block; \" class=\"wp-block-image aligncenter size-full\"><img loading=\"lazy\" decoding=\"async\" width=\"233\" height=\"312\" style=\"width:345px\" src=\"https:\/\/www.parisplacededroit.org\/wp-content\/uploads\/2024\/09\/image.png\" alt=\"\" class=\"wp-image-3223\" srcset=\"https:\/\/www.parisplacededroit.org\/wp-content\/uploads\/2024\/09\/image.png 233w, https:\/\/www.parisplacededroit.org\/wp-content\/uploads\/2024\/09\/image-224x300.png 224w\" sizes=\"auto, (max-width: 233px) 100vw, 233px\" \/><\/figure>\n\n\n\n<p style=\"text-align:center\" class=\"has-text-align-center has-text-align-center\"><em>R\u00e9f\u00e9rences : Livre blanc justice num\u00e9rique<\/em><\/p>\n\n\n\n<p style=\"text-align:center\" class=\"has-text-align-center has-text-align-center\">Nous vous attendons nombreuses et nombreux !<\/p>\n\n\n\n<p><\/p>\n","protected":false},"excerpt":{"rendered":"<p>Tribunal de commerce &#8211; 1 quai de la Corse 75004 Paris De 19:00 \u00e0 23:00 : Au programme de la&#8230;<\/p>\n","protected":false},"author":10,"featured_media":0,"comment_status":"open","ping_status":"open","sticky":false,"template":"","format":"standard","meta":{"_acf_changed":false,"footnotes":""},"categories":[1],"tags":[],"class_list":["post-3222","post","type-post","status-publish","format-standard","hentry","category-non-classifiee"],"acf":[],"yoast_head":"<!-- This site is optimized with the Yoast SEO plugin v27.3 - https:\/\/yoast.com\/product\/yoast-seo-wordpress\/ -->\n<title>Paris 4e : Tribunal de commerce, Paris Place de Droit - Paris city of law - Legal place in France<\/title>\n<meta name=\"robots\" content=\"index, follow, max-snippet:-1, max-image-preview:large, max-video-preview:-1\" \/>\n<link rel=\"canonical\" href=\"https:\/\/www.parisplacededroit.org\/paris-4e-tribunal-de-commerce-paris-place-de-droit\/\" \/>\n<meta property=\"og:locale\" content=\"en_US\" \/>\n<meta property=\"og:type\" content=\"article\" \/>\n<meta property=\"og:title\" content=\"Paris 4e : Tribunal de commerce, Paris Place de Droit - Paris city of law - Legal place in France\" \/>\n<meta property=\"og:description\" content=\"Tribunal de commerce &#8211; 1 quai de la Corse 75004 Paris De 19:00 \u00e0 23:00 : Au programme de la...\" \/>\n<meta property=\"og:url\" content=\"https:\/\/www.parisplacededroit.org\/paris-4e-tribunal-de-commerce-paris-place-de-droit\/\" \/>\n<meta property=\"og:site_name\" content=\"Paris city of law - Legal place in France\" \/>\n<meta property=\"article:published_time\" content=\"2024-09-27T08:52:04+00:00\" \/>\n<meta property=\"article:modified_time\" content=\"2024-09-27T08:54:34+00:00\" \/>\n<meta property=\"og:image\" content=\"https:\/\/www.parisplacededroit.org\/wp-content\/uploads\/2024\/09\/image.png\" \/>\n<meta name=\"author\" content=\"bqorchi\" \/>\n<meta name=\"twitter:card\" content=\"summary_large_image\" \/>\n<meta name=\"twitter:creator\" content=\"@ParisPlaceDroit\" \/>\n<meta name=\"twitter:site\" content=\"@ParisPlaceDroit\" \/>\n<meta name=\"twitter:label1\" content=\"Written by\" \/>\n\t<meta name=\"twitter:data1\" content=\"bqorchi\" \/>\n\t<meta name=\"twitter:label2\" content=\"Est. reading time\" \/>\n\t<meta name=\"twitter:data2\" content=\"2 minutes\" \/>\n<script type=\"application\/ld+json\" class=\"yoast-schema-graph\">{\"@context\":\"https:\\\/\\\/schema.org\",\"@graph\":[{\"@type\":\"Article\",\"@id\":\"https:\\\/\\\/www.parisplacededroit.org\\\/paris-4e-tribunal-de-commerce-paris-place-de-droit\\\/#article\",\"isPartOf\":{\"@id\":\"https:\\\/\\\/www.parisplacededroit.org\\\/paris-4e-tribunal-de-commerce-paris-place-de-droit\\\/\"},\"author\":{\"name\":\"bqorchi\",\"@id\":\"https:\\\/\\\/www.parisplacededroit.org\\\/#\\\/schema\\\/person\\\/266597056d2da68d4eb24ed2f9dab2ce\"},\"headline\":\"Paris 4e : Tribunal de commerce, Paris Place de Droit\",\"datePublished\":\"2024-09-27T08:52:04+00:00\",\"dateModified\":\"2024-09-27T08:54:34+00:00\",\"mainEntityOfPage\":{\"@id\":\"https:\\\/\\\/www.parisplacededroit.org\\\/paris-4e-tribunal-de-commerce-paris-place-de-droit\\\/\"},\"wordCount\":226,\"commentCount\":0,\"image\":{\"@id\":\"https:\\\/\\\/www.parisplacededroit.org\\\/paris-4e-tribunal-de-commerce-paris-place-de-droit\\\/#primaryimage\"},\"thumbnailUrl\":\"https:\\\/\\\/www.parisplacededroit.org\\\/wp-content\\\/uploads\\\/2024\\\/09\\\/image.png\",\"articleSection\":[\"Non classifi\u00e9(e)\"],\"inLanguage\":\"en-US\",\"potentialAction\":[{\"@type\":\"CommentAction\",\"name\":\"Comment\",\"target\":[\"https:\\\/\\\/www.parisplacededroit.org\\\/paris-4e-tribunal-de-commerce-paris-place-de-droit\\\/#respond\"]}]},{\"@type\":\"WebPage\",\"@id\":\"https:\\\/\\\/www.parisplacededroit.org\\\/paris-4e-tribunal-de-commerce-paris-place-de-droit\\\/\",\"url\":\"https:\\\/\\\/www.parisplacededroit.org\\\/paris-4e-tribunal-de-commerce-paris-place-de-droit\\\/\",\"name\":\"Paris 4e : Tribunal de commerce, Paris Place de Droit - Paris city of law - Legal place in France\",\"isPartOf\":{\"@id\":\"https:\\\/\\\/www.parisplacededroit.org\\\/#website\"},\"primaryImageOfPage\":{\"@id\":\"https:\\\/\\\/www.parisplacededroit.org\\\/paris-4e-tribunal-de-commerce-paris-place-de-droit\\\/#primaryimage\"},\"image\":{\"@id\":\"https:\\\/\\\/www.parisplacededroit.org\\\/paris-4e-tribunal-de-commerce-paris-place-de-droit\\\/#primaryimage\"},\"thumbnailUrl\":\"https:\\\/\\\/www.parisplacededroit.org\\\/wp-content\\\/uploads\\\/2024\\\/09\\\/image.png\",\"datePublished\":\"2024-09-27T08:52:04+00:00\",\"dateModified\":\"2024-09-27T08:54:34+00:00\",\"author\":{\"@id\":\"https:\\\/\\\/www.parisplacededroit.org\\\/#\\\/schema\\\/person\\\/266597056d2da68d4eb24ed2f9dab2ce\"},\"breadcrumb\":{\"@id\":\"https:\\\/\\\/www.parisplacededroit.org\\\/paris-4e-tribunal-de-commerce-paris-place-de-droit\\\/#breadcrumb\"},\"inLanguage\":\"en-US\",\"potentialAction\":[{\"@type\":\"ReadAction\",\"target\":[\"https:\\\/\\\/www.parisplacededroit.org\\\/paris-4e-tribunal-de-commerce-paris-place-de-droit\\\/\"]}]},{\"@type\":\"ImageObject\",\"inLanguage\":\"en-US\",\"@id\":\"https:\\\/\\\/www.parisplacededroit.org\\\/paris-4e-tribunal-de-commerce-paris-place-de-droit\\\/#primaryimage\",\"url\":\"https:\\\/\\\/www.parisplacededroit.org\\\/wp-content\\\/uploads\\\/2024\\\/09\\\/image.png\",\"contentUrl\":\"https:\\\/\\\/www.parisplacededroit.org\\\/wp-content\\\/uploads\\\/2024\\\/09\\\/image.png\"},{\"@type\":\"BreadcrumbList\",\"@id\":\"https:\\\/\\\/www.parisplacededroit.org\\\/paris-4e-tribunal-de-commerce-paris-place-de-droit\\\/#breadcrumb\",\"itemListElement\":[{\"@type\":\"ListItem\",\"position\":1,\"name\":\"Accueil\",\"item\":\"https:\\\/\\\/www.parisplacededroit.org\\\/en\\\/\"},{\"@type\":\"ListItem\",\"position\":2,\"name\":\"Paris 4e : Tribunal de commerce, Paris Place de Droit\"}]},{\"@type\":\"WebSite\",\"@id\":\"https:\\\/\\\/www.parisplacededroit.org\\\/#website\",\"url\":\"https:\\\/\\\/www.parisplacededroit.org\\\/\",\"name\":\"Paris city of law - Legal place in France\",\"description\":\"With Paris Place of Law, our city build a unique legal place. It is a safe and competitive legal framework that Paris offers to French and foreign companies.\",\"potentialAction\":[{\"@type\":\"SearchAction\",\"target\":{\"@type\":\"EntryPoint\",\"urlTemplate\":\"https:\\\/\\\/www.parisplacededroit.org\\\/?s={search_term_string}\"},\"query-input\":{\"@type\":\"PropertyValueSpecification\",\"valueRequired\":true,\"valueName\":\"search_term_string\"}}],\"inLanguage\":\"en-US\"},{\"@type\":\"Person\",\"@id\":\"https:\\\/\\\/www.parisplacededroit.org\\\/#\\\/schema\\\/person\\\/266597056d2da68d4eb24ed2f9dab2ce\",\"name\":\"bqorchi\",\"image\":{\"@type\":\"ImageObject\",\"inLanguage\":\"en-US\",\"@id\":\"https:\\\/\\\/secure.gravatar.com\\\/avatar\\\/335d85880c719894ba30b16df0eae6b00988dd4be6ecbd92b4fb646b51026eb0?s=96&d=mm&r=g\",\"url\":\"https:\\\/\\\/secure.gravatar.com\\\/avatar\\\/335d85880c719894ba30b16df0eae6b00988dd4be6ecbd92b4fb646b51026eb0?s=96&d=mm&r=g\",\"contentUrl\":\"https:\\\/\\\/secure.gravatar.com\\\/avatar\\\/335d85880c719894ba30b16df0eae6b00988dd4be6ecbd92b4fb646b51026eb0?s=96&d=mm&r=g\",\"caption\":\"bqorchi\"}}]}<\/script>\n<!-- \/ Yoast SEO plugin. -->","yoast_head_json":{"title":"Paris 4e : Tribunal de commerce, Paris Place de Droit - Paris city of law - Legal place in France","robots":{"index":"index","follow":"follow","max-snippet":"max-snippet:-1","max-image-preview":"max-image-preview:large","max-video-preview":"max-video-preview:-1"},"canonical":"https:\/\/www.parisplacededroit.org\/paris-4e-tribunal-de-commerce-paris-place-de-droit\/","og_locale":"en_US","og_type":"article","og_title":"Paris 4e : Tribunal de commerce, Paris Place de Droit - Paris city of law - Legal place in France","og_description":"Tribunal de commerce &#8211; 1 quai de la Corse 75004 Paris De 19:00 \u00e0 23:00 : Au programme de la...","og_url":"https:\/\/www.parisplacededroit.org\/paris-4e-tribunal-de-commerce-paris-place-de-droit\/","og_site_name":"Paris city of law - Legal place in France","article_published_time":"2024-09-27T08:52:04+00:00","article_modified_time":"2024-09-27T08:54:34+00:00","og_image":[{"url":"https:\/\/www.parisplacededroit.org\/wp-content\/uploads\/2024\/09\/image.png","type":"","width":"","height":""}],"author":"bqorchi","twitter_card":"summary_large_image","twitter_creator":"@ParisPlaceDroit","twitter_site":"@ParisPlaceDroit","twitter_misc":{"Written by":"bqorchi","Est. reading time":"2 minutes"},"schema":{"@context":"https:\/\/schema.org","@graph":[{"@type":"Article","@id":"https:\/\/www.parisplacededroit.org\/paris-4e-tribunal-de-commerce-paris-place-de-droit\/#article","isPartOf":{"@id":"https:\/\/www.parisplacededroit.org\/paris-4e-tribunal-de-commerce-paris-place-de-droit\/"},"author":{"name":"bqorchi","@id":"https:\/\/www.parisplacededroit.org\/#\/schema\/person\/266597056d2da68d4eb24ed2f9dab2ce"},"headline":"Paris 4e : Tribunal de commerce, Paris Place de Droit","datePublished":"2024-09-27T08:52:04+00:00","dateModified":"2024-09-27T08:54:34+00:00","mainEntityOfPage":{"@id":"https:\/\/www.parisplacededroit.org\/paris-4e-tribunal-de-commerce-paris-place-de-droit\/"},"wordCount":226,"commentCount":0,"image":{"@id":"https:\/\/www.parisplacededroit.org\/paris-4e-tribunal-de-commerce-paris-place-de-droit\/#primaryimage"},"thumbnailUrl":"https:\/\/www.parisplacededroit.org\/wp-content\/uploads\/2024\/09\/image.png","articleSection":["Non classifi\u00e9(e)"],"inLanguage":"en-US","potentialAction":[{"@type":"CommentAction","name":"Comment","target":["https:\/\/www.parisplacededroit.org\/paris-4e-tribunal-de-commerce-paris-place-de-droit\/#respond"]}]},{"@type":"WebPage","@id":"https:\/\/www.parisplacededroit.org\/paris-4e-tribunal-de-commerce-paris-place-de-droit\/","url":"https:\/\/www.parisplacededroit.org\/paris-4e-tribunal-de-commerce-paris-place-de-droit\/","name":"Paris 4e : Tribunal de commerce, Paris Place de Droit - Paris city of law - Legal place in France","isPartOf":{"@id":"https:\/\/www.parisplacededroit.org\/#website"},"primaryImageOfPage":{"@id":"https:\/\/www.parisplacededroit.org\/paris-4e-tribunal-de-commerce-paris-place-de-droit\/#primaryimage"},"image":{"@id":"https:\/\/www.parisplacededroit.org\/paris-4e-tribunal-de-commerce-paris-place-de-droit\/#primaryimage"},"thumbnailUrl":"https:\/\/www.parisplacededroit.org\/wp-content\/uploads\/2024\/09\/image.png","datePublished":"2024-09-27T08:52:04+00:00","dateModified":"2024-09-27T08:54:34+00:00","author":{"@id":"https:\/\/www.parisplacededroit.org\/#\/schema\/person\/266597056d2da68d4eb24ed2f9dab2ce"},"breadcrumb":{"@id":"https:\/\/www.parisplacededroit.org\/paris-4e-tribunal-de-commerce-paris-place-de-droit\/#breadcrumb"},"inLanguage":"en-US","potentialAction":[{"@type":"ReadAction","target":["https:\/\/www.parisplacededroit.org\/paris-4e-tribunal-de-commerce-paris-place-de-droit\/"]}]},{"@type":"ImageObject","inLanguage":"en-US","@id":"https:\/\/www.parisplacededroit.org\/paris-4e-tribunal-de-commerce-paris-place-de-droit\/#primaryimage","url":"https:\/\/www.parisplacededroit.org\/wp-content\/uploads\/2024\/09\/image.png","contentUrl":"https:\/\/www.parisplacededroit.org\/wp-content\/uploads\/2024\/09\/image.png"},{"@type":"BreadcrumbList","@id":"https:\/\/www.parisplacededroit.org\/paris-4e-tribunal-de-commerce-paris-place-de-droit\/#breadcrumb","itemListElement":[{"@type":"ListItem","position":1,"name":"Accueil","item":"https:\/\/www.parisplacededroit.org\/en\/"},{"@type":"ListItem","position":2,"name":"Paris 4e : Tribunal de commerce, Paris Place de Droit"}]},{"@type":"WebSite","@id":"https:\/\/www.parisplacededroit.org\/#website","url":"https:\/\/www.parisplacededroit.org\/","name":"Paris city of law - Legal place in France","description":"With Paris Place of Law, our city build a unique legal place. It is a safe and competitive legal framework that Paris offers to French and foreign companies.","potentialAction":[{"@type":"SearchAction","target":{"@type":"EntryPoint","urlTemplate":"https:\/\/www.parisplacededroit.org\/?s={search_term_string}"},"query-input":{"@type":"PropertyValueSpecification","valueRequired":true,"valueName":"search_term_string"}}],"inLanguage":"en-US"},{"@type":"Person","@id":"https:\/\/www.parisplacededroit.org\/#\/schema\/person\/266597056d2da68d4eb24ed2f9dab2ce","name":"bqorchi","image":{"@type":"ImageObject","inLanguage":"en-US","@id":"https:\/\/secure.gravatar.com\/avatar\/335d85880c719894ba30b16df0eae6b00988dd4be6ecbd92b4fb646b51026eb0?s=96&d=mm&r=g","url":"https:\/\/secure.gravatar.com\/avatar\/335d85880c719894ba30b16df0eae6b00988dd4be6ecbd92b4fb646b51026eb0?s=96&d=mm&r=g","contentUrl":"https:\/\/secure.gravatar.com\/avatar\/335d85880c719894ba30b16df0eae6b00988dd4be6ecbd92b4fb646b51026eb0?s=96&d=mm&r=g","caption":"bqorchi"}}]}},"_links":{"self":[{"href":"https:\/\/www.parisplacededroit.org\/en\/wp-json\/wp\/v2\/posts\/3222","targetHints":{"allow":["GET"]}}],"collection":[{"href":"https:\/\/www.parisplacededroit.org\/en\/wp-json\/wp\/v2\/posts"}],"about":[{"href":"https:\/\/www.parisplacededroit.org\/en\/wp-json\/wp\/v2\/types\/post"}],"author":[{"embeddable":true,"href":"https:\/\/www.parisplacededroit.org\/en\/wp-json\/wp\/v2\/users\/10"}],"replies":[{"embeddable":true,"href":"https:\/\/www.parisplacededroit.org\/en\/wp-json\/wp\/v2\/comments?post=3222"}],"version-history":[{"count":25,"href":"https:\/\/www.parisplacededroit.org\/en\/wp-json\/wp\/v2\/posts\/3222\/revisions"}],"predecessor-version":[{"id":3264,"href":"https:\/\/www.parisplacededroit.org\/en\/wp-json\/wp\/v2\/posts\/3222\/revisions\/3264"}],"wp:attachment":[{"href":"https:\/\/www.parisplacededroit.org\/en\/wp-json\/wp\/v2\/media?parent=3222"}],"wp:term":[{"taxonomy":"category","embeddable":true,"href":"https:\/\/www.parisplacededroit.org\/en\/wp-json\/wp\/v2\/categories?post=3222"},{"taxonomy":"post_tag","embeddable":true,"href":"https:\/\/www.parisplacededroit.org\/en\/wp-json\/wp\/v2\/tags?post=3222"}],"curies":[{"name":"wp","href":"https:\/\/api.w.org\/{rel}","templated":true}]}}