{"id":3114,"date":"2024-06-14T16:06:49","date_gmt":"2024-06-14T16:06:49","guid":{"rendered":"https:\/\/www.parisplacededroit.org\/?p=3114"},"modified":"2024-06-14T16:36:56","modified_gmt":"2024-06-14T16:36:56","slug":"assemblee-generale-de-paris-place-de-droit-5-juin-2024","status":"publish","type":"post","link":"https:\/\/www.parisplacededroit.org\/en\/assemblee-generale-de-paris-place-de-droit-5-juin-2024\/","title":{"rendered":"Assembl\u00e9e G\u00e9n\u00e9rale de Paris Place de Droit &#8211; 5 juin 2024"},"content":{"rendered":"\n<p>Assembl\u00e9e g\u00e9n\u00e9rale de Paris Place de Droit hier soir dans la salle internationale du&nbsp;<a href=\"https:\/\/www.linkedin.com\/company\/tribunal-de-commerce-de-paris\/\" target=\"_blank\" rel=\"noreferrer noopener\">Tribunal de commerce de Paris<\/a>. <br><br>Dans son discours d\u2019ouverture, le pr\u00e9sident&nbsp;<a href=\"https:\/\/www.linkedin.com\/in\/patrick-sayer-007\/\" target=\"_blank\" rel=\"noreferrer noopener\">Patrick Sayer<\/a>&nbsp;a soulign\u00e9 le r\u00f4le essentiel de l\u2019association pour la promotion de la place et l\u2019importance de cette mission pour le rayonnement de la France comme pour la comp\u00e9titivit\u00e9 des entreprises fran\u00e7aises. Le rapport sur les travaux des commissions a \u00e9t\u00e9 l\u2019occasion de d\u00e9couvrir le bilan impressionnant de nos groupes de travail: publications des commissions Num\u00e9rique (<a href=\"https:\/\/www.linkedin.com\/in\/denis-musson-4b343a13\/\" target=\"_blank\" rel=\"noreferrer noopener\">Denis Musson<\/a>) et Justice commerciale (<a href=\"https:\/\/www.linkedin.com\/in\/elodie-a-valette-wlodkowski-128a5648\/\" target=\"_blank\" rel=\"noreferrer noopener\">Elodie A. Valette Wlodkowski<\/a>), travaux des commissions Justice climatique (<a href=\"https:\/\/www.linkedin.com\/in\/stephaniesmatt\/\" target=\"_blank\" rel=\"noreferrer noopener\">Stephanie Smatt Pinelli<\/a>), Justice \u00e9conomique (<a href=\"https:\/\/www.linkedin.com\/in\/muriel-chagny-3aa46765\/\" target=\"_blank\" rel=\"noreferrer noopener\">Muriel Chagny<\/a>), AAI (<a href=\"https:\/\/www.linkedin.com\/in\/emilie-vasseur-198b6912\/\" target=\"_blank\" rel=\"noreferrer noopener\">Emilie Vasseur<\/a>), attractivit\u00e9 (Paul-Louis Netter), Entreprises en difficult\u00e9 (<a href=\"https:\/\/www.linkedin.com\/in\/patrick-coupeaud-7b44562\/\" target=\"_blank\" rel=\"noreferrer noopener\">Patrick Coupeaud<\/a>), MARD (<a href=\"https:\/\/www.linkedin.com\/in\/matthias-fekl\/\" target=\"_blank\" rel=\"noreferrer noopener\">Matthias Fekl<\/a>) et lancement de la commission Compliance (<a href=\"https:\/\/www.linkedin.com\/in\/christiandargham\/\" target=\"_blank\" rel=\"noreferrer noopener\">Christian Dargham<\/a>)\u2026 <br><br>Le rappel des grands \u00e9v\u00e9nements qui ont jalonn\u00e9 2023, notamment le Concours Paris Place de Droit, le Summer Camp (<a href=\"https:\/\/www.linkedin.com\/in\/valence-borgia-037b41\/\" target=\"_blank\" rel=\"noreferrer noopener\">Valence Borgia<\/a>), la Nuit du Droit ou la soir\u00e9e pour l\u2019<a href=\"https:\/\/www.linkedin.com\/company\/international-bar-association\/\" target=\"_blank\" rel=\"noreferrer noopener\">International Bar Association<\/a>&nbsp;a offert une belle illustration de la vivacit\u00e9 de notre communaut\u00e9 du droit des affaires! L\u2019occasion aussi de f\u00e9liciter les repr\u00e9sentants du Comit\u00e9 Millenium (<a href=\"https:\/\/www.linkedin.com\/in\/caroline-imberti\/\" target=\"_blank\" rel=\"noreferrer noopener\">Caroline IMBERTI<\/a>&nbsp;<a href=\"https:\/\/www.linkedin.com\/in\/mathilde-declercq-200287127\/\" target=\"_blank\" rel=\"noreferrer noopener\">Mathilde Declercq<\/a>&nbsp;et&nbsp;<a href=\"https:\/\/www.linkedin.com\/in\/guillaume-racle-7ba829b4\/\" target=\"_blank\" rel=\"noreferrer noopener\">Guillaume Racle<\/a>) pour leur investissement dynamique. <br><br>Les projets lanc\u00e9s en 2024 poursuivent cet \u00e9lan et pourront compter sur la contribution active de&nbsp;<a href=\"https:\/\/www.linkedin.com\/in\/philippe-m%C3%A9tais\/\" target=\"_blank\" rel=\"noreferrer noopener\">Philippe M\u00e9tais<\/a>&nbsp;nouvel administrateur \u00e9lu par acclamation \ud83d\udc4f\ud83d\udc4f\ud83d\udc4f Philippe et bienvenue \u00e0 toi! Merci \u00e0 tous nos membres pour leur engagement et leur enthousiasme!&nbsp;<br><br><a href=\"https:\/\/www.linkedin.com\/feed\/hashtag\/?keywords=attractivit%C3%A9&amp;highlightedUpdateUrns=urn%3Ali%3Aactivity%3A7204362753279442946\" target=\"_blank\" rel=\"noreferrer noopener\">#attractivit\u00e9<\/a>&nbsp;<a href=\"https:\/\/www.linkedin.com\/feed\/hashtag\/?keywords=droitdesaffaires&amp;highlightedUpdateUrns=urn%3Ali%3Aactivity%3A7204362753279442946\" target=\"_blank\" rel=\"noreferrer noopener\">#droitdesaffaires<\/a>&nbsp;<a href=\"https:\/\/www.linkedin.com\/company\/afje\/\" target=\"_blank\" rel=\"noreferrer noopener\">AFJE<\/a>&nbsp;<a href=\"https:\/\/www.linkedin.com\/company\/cercle-montesquieu\/\" target=\"_blank\" rel=\"noreferrer noopener\">Cercle Montesquieu<\/a>&nbsp;<a href=\"https:\/\/www.linkedin.com\/company\/cci-paris-idf\/\" target=\"_blank\" rel=\"noreferrer noopener\">CCI Paris IdF<\/a>&nbsp;<a href=\"https:\/\/www.linkedin.com\/company\/icc-france\/\" target=\"_blank\" rel=\"noreferrer noopener\">ICC France<\/a>&nbsp;<a href=\"https:\/\/www.linkedin.com\/in\/parisplacedarbitrage\/\" target=\"_blank\" rel=\"noreferrer noopener\">Paris Place d&#8217;Arbitrage<\/a>&nbsp;<a href=\"https:\/\/www.linkedin.com\/company\/barreau-de-paris\/\" target=\"_blank\" rel=\"noreferrer noopener\">Barreau de Paris (Ordre des avocats de Paris)<\/a><\/p>\n\n\n<div class=\"wp-block-image\">\n<figure style=\"display:flex; justify-content:center\" class=\"aligncenter size-large is-resized\"><img loading=\"lazy\" decoding=\"async\" width=\"768\" height=\"1024\" src=\"https:\/\/www.parisplacededroit.org\/wp-content\/uploads\/2024\/06\/Photo-2-AG-768x1024.jpeg\" alt=\"\" class=\"wp-image-3118\" style=\"width:341px;height:auto\" srcset=\"https:\/\/www.parisplacededroit.org\/wp-content\/uploads\/2024\/06\/Photo-2-AG-768x1024.jpeg 768w, https:\/\/www.parisplacededroit.org\/wp-content\/uploads\/2024\/06\/Photo-2-AG-225x300.jpeg 225w, https:\/\/www.parisplacededroit.org\/wp-content\/uploads\/2024\/06\/Photo-2-AG-1152x1536.jpeg 1152w, https:\/\/www.parisplacededroit.org\/wp-content\/uploads\/2024\/06\/Photo-2-AG.jpeg 1280w\" sizes=\"auto, (max-width: 768px) 100vw, 768px\" \/><\/figure>\n<\/div>","protected":false},"excerpt":{"rendered":"<p>Assembl\u00e9e g\u00e9n\u00e9rale de Paris Place de Droit hier soir dans la salle internationale du&nbsp;Tribunal de commerce de Paris. Dans son&#8230;<\/p>\n","protected":false},"author":1,"featured_media":0,"comment_status":"open","ping_status":"open","sticky":false,"template":"","format":"standard","meta":{"_acf_changed":false,"footnotes":""},"categories":[1],"tags":[],"class_list":["post-3114","post","type-post","status-publish","format-standard","hentry","category-non-classifiee"],"acf":[],"yoast_head":"<!-- This site is optimized with the Yoast SEO plugin v27.3 - https:\/\/yoast.com\/product\/yoast-seo-wordpress\/ -->\n<title>Assembl\u00e9e G\u00e9n\u00e9rale de Paris Place de Droit - 5 juin 2024 - Paris city of law - Legal place in France<\/title>\n<meta name=\"robots\" content=\"index, follow, max-snippet:-1, max-image-preview:large, max-video-preview:-1\" \/>\n<link rel=\"canonical\" href=\"https:\/\/www.parisplacededroit.org\/assemblee-generale-de-paris-place-de-droit-5-juin-2024\/\" \/>\n<meta property=\"og:locale\" content=\"en_US\" \/>\n<meta property=\"og:type\" content=\"article\" \/>\n<meta property=\"og:title\" content=\"Assembl\u00e9e G\u00e9n\u00e9rale de Paris Place de Droit - 5 juin 2024 - Paris city of law - Legal place in France\" \/>\n<meta property=\"og:description\" content=\"Assembl\u00e9e g\u00e9n\u00e9rale de Paris Place de Droit hier soir dans la salle internationale du&nbsp;Tribunal de commerce de Paris. Dans son...\" \/>\n<meta property=\"og:url\" content=\"https:\/\/www.parisplacededroit.org\/assemblee-generale-de-paris-place-de-droit-5-juin-2024\/\" \/>\n<meta property=\"og:site_name\" content=\"Paris city of law - Legal place in France\" \/>\n<meta property=\"article:published_time\" content=\"2024-06-14T16:06:49+00:00\" \/>\n<meta property=\"article:modified_time\" content=\"2024-06-14T16:36:56+00:00\" \/>\n<meta property=\"og:image\" content=\"https:\/\/www.parisplacededroit.org\/wp-content\/uploads\/2024\/06\/Photo-2-AG-768x1024.jpeg\" \/>\n<meta name=\"author\" content=\"Eliott_Markus_Dev\" \/>\n<meta name=\"twitter:card\" content=\"summary_large_image\" \/>\n<meta name=\"twitter:creator\" content=\"@ParisPlaceDroit\" \/>\n<meta name=\"twitter:site\" content=\"@ParisPlaceDroit\" \/>\n<meta name=\"twitter:label1\" content=\"Written by\" \/>\n\t<meta name=\"twitter:data1\" content=\"Eliott_Markus_Dev\" \/>\n\t<meta name=\"twitter:label2\" content=\"Est. reading time\" \/>\n\t<meta name=\"twitter:data2\" content=\"1 minute\" \/>\n<script type=\"application\/ld+json\" class=\"yoast-schema-graph\">{\"@context\":\"https:\\\/\\\/schema.org\",\"@graph\":[{\"@type\":\"Article\",\"@id\":\"https:\\\/\\\/www.parisplacededroit.org\\\/assemblee-generale-de-paris-place-de-droit-5-juin-2024\\\/#article\",\"isPartOf\":{\"@id\":\"https:\\\/\\\/www.parisplacededroit.org\\\/assemblee-generale-de-paris-place-de-droit-5-juin-2024\\\/\"},\"author\":{\"name\":\"Eliott_Markus_Dev\",\"@id\":\"https:\\\/\\\/www.parisplacededroit.org\\\/#\\\/schema\\\/person\\\/d3b592378021fc5c18c7e4fb79445f3f\"},\"headline\":\"Assembl\u00e9e G\u00e9n\u00e9rale de Paris Place de Droit &#8211; 5 juin 2024\",\"datePublished\":\"2024-06-14T16:06:49+00:00\",\"dateModified\":\"2024-06-14T16:36:56+00:00\",\"mainEntityOfPage\":{\"@id\":\"https:\\\/\\\/www.parisplacededroit.org\\\/assemblee-generale-de-paris-place-de-droit-5-juin-2024\\\/\"},\"wordCount\":299,\"commentCount\":0,\"image\":{\"@id\":\"https:\\\/\\\/www.parisplacededroit.org\\\/assemblee-generale-de-paris-place-de-droit-5-juin-2024\\\/#primaryimage\"},\"thumbnailUrl\":\"https:\\\/\\\/www.parisplacededroit.org\\\/wp-content\\\/uploads\\\/2024\\\/06\\\/Photo-2-AG-768x1024.jpeg\",\"articleSection\":[\"Non classifi\u00e9(e)\"],\"inLanguage\":\"en-US\",\"potentialAction\":[{\"@type\":\"CommentAction\",\"name\":\"Comment\",\"target\":[\"https:\\\/\\\/www.parisplacededroit.org\\\/assemblee-generale-de-paris-place-de-droit-5-juin-2024\\\/#respond\"]}]},{\"@type\":\"WebPage\",\"@id\":\"https:\\\/\\\/www.parisplacededroit.org\\\/assemblee-generale-de-paris-place-de-droit-5-juin-2024\\\/\",\"url\":\"https:\\\/\\\/www.parisplacededroit.org\\\/assemblee-generale-de-paris-place-de-droit-5-juin-2024\\\/\",\"name\":\"Assembl\u00e9e G\u00e9n\u00e9rale de Paris Place de Droit - 5 juin 2024 - Paris city of law - Legal place in France\",\"isPartOf\":{\"@id\":\"https:\\\/\\\/www.parisplacededroit.org\\\/#website\"},\"primaryImageOfPage\":{\"@id\":\"https:\\\/\\\/www.parisplacededroit.org\\\/assemblee-generale-de-paris-place-de-droit-5-juin-2024\\\/#primaryimage\"},\"image\":{\"@id\":\"https:\\\/\\\/www.parisplacededroit.org\\\/assemblee-generale-de-paris-place-de-droit-5-juin-2024\\\/#primaryimage\"},\"thumbnailUrl\":\"https:\\\/\\\/www.parisplacededroit.org\\\/wp-content\\\/uploads\\\/2024\\\/06\\\/Photo-2-AG-768x1024.jpeg\",\"datePublished\":\"2024-06-14T16:06:49+00:00\",\"dateModified\":\"2024-06-14T16:36:56+00:00\",\"author\":{\"@id\":\"https:\\\/\\\/www.parisplacededroit.org\\\/#\\\/schema\\\/person\\\/d3b592378021fc5c18c7e4fb79445f3f\"},\"breadcrumb\":{\"@id\":\"https:\\\/\\\/www.parisplacededroit.org\\\/assemblee-generale-de-paris-place-de-droit-5-juin-2024\\\/#breadcrumb\"},\"inLanguage\":\"en-US\",\"potentialAction\":[{\"@type\":\"ReadAction\",\"target\":[\"https:\\\/\\\/www.parisplacededroit.org\\\/assemblee-generale-de-paris-place-de-droit-5-juin-2024\\\/\"]}]},{\"@type\":\"ImageObject\",\"inLanguage\":\"en-US\",\"@id\":\"https:\\\/\\\/www.parisplacededroit.org\\\/assemblee-generale-de-paris-place-de-droit-5-juin-2024\\\/#primaryimage\",\"url\":\"https:\\\/\\\/www.parisplacededroit.org\\\/wp-content\\\/uploads\\\/2024\\\/06\\\/Photo-2-AG-768x1024.jpeg\",\"contentUrl\":\"https:\\\/\\\/www.parisplacededroit.org\\\/wp-content\\\/uploads\\\/2024\\\/06\\\/Photo-2-AG-768x1024.jpeg\"},{\"@type\":\"BreadcrumbList\",\"@id\":\"https:\\\/\\\/www.parisplacededroit.org\\\/assemblee-generale-de-paris-place-de-droit-5-juin-2024\\\/#breadcrumb\",\"itemListElement\":[{\"@type\":\"ListItem\",\"position\":1,\"name\":\"Accueil\",\"item\":\"https:\\\/\\\/www.parisplacededroit.org\\\/en\\\/\"},{\"@type\":\"ListItem\",\"position\":2,\"name\":\"Assembl\u00e9e G\u00e9n\u00e9rale de Paris Place de Droit &#8211; 5 juin 2024\"}]},{\"@type\":\"WebSite\",\"@id\":\"https:\\\/\\\/www.parisplacededroit.org\\\/#website\",\"url\":\"https:\\\/\\\/www.parisplacededroit.org\\\/\",\"name\":\"Paris city of law - Legal place in France\",\"description\":\"With Paris Place of Law, our city build a unique legal place. It is a safe and competitive legal framework that Paris offers to French and foreign companies.\",\"potentialAction\":[{\"@type\":\"SearchAction\",\"target\":{\"@type\":\"EntryPoint\",\"urlTemplate\":\"https:\\\/\\\/www.parisplacededroit.org\\\/?s={search_term_string}\"},\"query-input\":{\"@type\":\"PropertyValueSpecification\",\"valueRequired\":true,\"valueName\":\"search_term_string\"}}],\"inLanguage\":\"en-US\"},{\"@type\":\"Person\",\"@id\":\"https:\\\/\\\/www.parisplacededroit.org\\\/#\\\/schema\\\/person\\\/d3b592378021fc5c18c7e4fb79445f3f\",\"name\":\"Eliott_Markus_Dev\",\"image\":{\"@type\":\"ImageObject\",\"inLanguage\":\"en-US\",\"@id\":\"https:\\\/\\\/secure.gravatar.com\\\/avatar\\\/e82a1c875af1d10692c1bb24d4aa42c9c59dd307bec1ee5f88b9145de9873f1b?s=96&d=mm&r=g\",\"url\":\"https:\\\/\\\/secure.gravatar.com\\\/avatar\\\/e82a1c875af1d10692c1bb24d4aa42c9c59dd307bec1ee5f88b9145de9873f1b?s=96&d=mm&r=g\",\"contentUrl\":\"https:\\\/\\\/secure.gravatar.com\\\/avatar\\\/e82a1c875af1d10692c1bb24d4aa42c9c59dd307bec1ee5f88b9145de9873f1b?s=96&d=mm&r=g\",\"caption\":\"Eliott_Markus_Dev\"},\"sameAs\":[\"http:\\\/\\\/ppd-fix.local\"]}]}<\/script>\n<!-- \/ Yoast SEO plugin. -->","yoast_head_json":{"title":"Assembl\u00e9e G\u00e9n\u00e9rale de Paris Place de Droit - 5 juin 2024 - Paris city of law - Legal place in France","robots":{"index":"index","follow":"follow","max-snippet":"max-snippet:-1","max-image-preview":"max-image-preview:large","max-video-preview":"max-video-preview:-1"},"canonical":"https:\/\/www.parisplacededroit.org\/assemblee-generale-de-paris-place-de-droit-5-juin-2024\/","og_locale":"en_US","og_type":"article","og_title":"Assembl\u00e9e G\u00e9n\u00e9rale de Paris Place de Droit - 5 juin 2024 - Paris city of law - Legal place in France","og_description":"Assembl\u00e9e g\u00e9n\u00e9rale de Paris Place de Droit hier soir dans la salle internationale du&nbsp;Tribunal de commerce de Paris. Dans son...","og_url":"https:\/\/www.parisplacededroit.org\/assemblee-generale-de-paris-place-de-droit-5-juin-2024\/","og_site_name":"Paris city of law - Legal place in France","article_published_time":"2024-06-14T16:06:49+00:00","article_modified_time":"2024-06-14T16:36:56+00:00","og_image":[{"url":"https:\/\/www.parisplacededroit.org\/wp-content\/uploads\/2024\/06\/Photo-2-AG-768x1024.jpeg","type":"","width":"","height":""}],"author":"Eliott_Markus_Dev","twitter_card":"summary_large_image","twitter_creator":"@ParisPlaceDroit","twitter_site":"@ParisPlaceDroit","twitter_misc":{"Written by":"Eliott_Markus_Dev","Est. reading time":"1 minute"},"schema":{"@context":"https:\/\/schema.org","@graph":[{"@type":"Article","@id":"https:\/\/www.parisplacededroit.org\/assemblee-generale-de-paris-place-de-droit-5-juin-2024\/#article","isPartOf":{"@id":"https:\/\/www.parisplacededroit.org\/assemblee-generale-de-paris-place-de-droit-5-juin-2024\/"},"author":{"name":"Eliott_Markus_Dev","@id":"https:\/\/www.parisplacededroit.org\/#\/schema\/person\/d3b592378021fc5c18c7e4fb79445f3f"},"headline":"Assembl\u00e9e G\u00e9n\u00e9rale de Paris Place de Droit &#8211; 5 juin 2024","datePublished":"2024-06-14T16:06:49+00:00","dateModified":"2024-06-14T16:36:56+00:00","mainEntityOfPage":{"@id":"https:\/\/www.parisplacededroit.org\/assemblee-generale-de-paris-place-de-droit-5-juin-2024\/"},"wordCount":299,"commentCount":0,"image":{"@id":"https:\/\/www.parisplacededroit.org\/assemblee-generale-de-paris-place-de-droit-5-juin-2024\/#primaryimage"},"thumbnailUrl":"https:\/\/www.parisplacededroit.org\/wp-content\/uploads\/2024\/06\/Photo-2-AG-768x1024.jpeg","articleSection":["Non classifi\u00e9(e)"],"inLanguage":"en-US","potentialAction":[{"@type":"CommentAction","name":"Comment","target":["https:\/\/www.parisplacededroit.org\/assemblee-generale-de-paris-place-de-droit-5-juin-2024\/#respond"]}]},{"@type":"WebPage","@id":"https:\/\/www.parisplacededroit.org\/assemblee-generale-de-paris-place-de-droit-5-juin-2024\/","url":"https:\/\/www.parisplacededroit.org\/assemblee-generale-de-paris-place-de-droit-5-juin-2024\/","name":"Assembl\u00e9e G\u00e9n\u00e9rale de Paris Place de Droit - 5 juin 2024 - Paris city of law - Legal place in France","isPartOf":{"@id":"https:\/\/www.parisplacededroit.org\/#website"},"primaryImageOfPage":{"@id":"https:\/\/www.parisplacededroit.org\/assemblee-generale-de-paris-place-de-droit-5-juin-2024\/#primaryimage"},"image":{"@id":"https:\/\/www.parisplacededroit.org\/assemblee-generale-de-paris-place-de-droit-5-juin-2024\/#primaryimage"},"thumbnailUrl":"https:\/\/www.parisplacededroit.org\/wp-content\/uploads\/2024\/06\/Photo-2-AG-768x1024.jpeg","datePublished":"2024-06-14T16:06:49+00:00","dateModified":"2024-06-14T16:36:56+00:00","author":{"@id":"https:\/\/www.parisplacededroit.org\/#\/schema\/person\/d3b592378021fc5c18c7e4fb79445f3f"},"breadcrumb":{"@id":"https:\/\/www.parisplacededroit.org\/assemblee-generale-de-paris-place-de-droit-5-juin-2024\/#breadcrumb"},"inLanguage":"en-US","potentialAction":[{"@type":"ReadAction","target":["https:\/\/www.parisplacededroit.org\/assemblee-generale-de-paris-place-de-droit-5-juin-2024\/"]}]},{"@type":"ImageObject","inLanguage":"en-US","@id":"https:\/\/www.parisplacededroit.org\/assemblee-generale-de-paris-place-de-droit-5-juin-2024\/#primaryimage","url":"https:\/\/www.parisplacededroit.org\/wp-content\/uploads\/2024\/06\/Photo-2-AG-768x1024.jpeg","contentUrl":"https:\/\/www.parisplacededroit.org\/wp-content\/uploads\/2024\/06\/Photo-2-AG-768x1024.jpeg"},{"@type":"BreadcrumbList","@id":"https:\/\/www.parisplacededroit.org\/assemblee-generale-de-paris-place-de-droit-5-juin-2024\/#breadcrumb","itemListElement":[{"@type":"ListItem","position":1,"name":"Accueil","item":"https:\/\/www.parisplacededroit.org\/en\/"},{"@type":"ListItem","position":2,"name":"Assembl\u00e9e G\u00e9n\u00e9rale de Paris Place de Droit &#8211; 5 juin 2024"}]},{"@type":"WebSite","@id":"https:\/\/www.parisplacededroit.org\/#website","url":"https:\/\/www.parisplacededroit.org\/","name":"Paris city of law - Legal place in France","description":"With Paris Place of Law, our city build a unique legal place. It is a safe and competitive legal framework that Paris offers to French and foreign companies.","potentialAction":[{"@type":"SearchAction","target":{"@type":"EntryPoint","urlTemplate":"https:\/\/www.parisplacededroit.org\/?s={search_term_string}"},"query-input":{"@type":"PropertyValueSpecification","valueRequired":true,"valueName":"search_term_string"}}],"inLanguage":"en-US"},{"@type":"Person","@id":"https:\/\/www.parisplacededroit.org\/#\/schema\/person\/d3b592378021fc5c18c7e4fb79445f3f","name":"Eliott_Markus_Dev","image":{"@type":"ImageObject","inLanguage":"en-US","@id":"https:\/\/secure.gravatar.com\/avatar\/e82a1c875af1d10692c1bb24d4aa42c9c59dd307bec1ee5f88b9145de9873f1b?s=96&d=mm&r=g","url":"https:\/\/secure.gravatar.com\/avatar\/e82a1c875af1d10692c1bb24d4aa42c9c59dd307bec1ee5f88b9145de9873f1b?s=96&d=mm&r=g","contentUrl":"https:\/\/secure.gravatar.com\/avatar\/e82a1c875af1d10692c1bb24d4aa42c9c59dd307bec1ee5f88b9145de9873f1b?s=96&d=mm&r=g","caption":"Eliott_Markus_Dev"},"sameAs":["http:\/\/ppd-fix.local"]}]}},"_links":{"self":[{"href":"https:\/\/www.parisplacededroit.org\/en\/wp-json\/wp\/v2\/posts\/3114","targetHints":{"allow":["GET"]}}],"collection":[{"href":"https:\/\/www.parisplacededroit.org\/en\/wp-json\/wp\/v2\/posts"}],"about":[{"href":"https:\/\/www.parisplacededroit.org\/en\/wp-json\/wp\/v2\/types\/post"}],"author":[{"embeddable":true,"href":"https:\/\/www.parisplacededroit.org\/en\/wp-json\/wp\/v2\/users\/1"}],"replies":[{"embeddable":true,"href":"https:\/\/www.parisplacededroit.org\/en\/wp-json\/wp\/v2\/comments?post=3114"}],"version-history":[{"count":5,"href":"https:\/\/www.parisplacededroit.org\/en\/wp-json\/wp\/v2\/posts\/3114\/revisions"}],"predecessor-version":[{"id":3122,"href":"https:\/\/www.parisplacededroit.org\/en\/wp-json\/wp\/v2\/posts\/3114\/revisions\/3122"}],"wp:attachment":[{"href":"https:\/\/www.parisplacededroit.org\/en\/wp-json\/wp\/v2\/media?parent=3114"}],"wp:term":[{"taxonomy":"category","embeddable":true,"href":"https:\/\/www.parisplacededroit.org\/en\/wp-json\/wp\/v2\/categories?post=3114"},{"taxonomy":"post_tag","embeddable":true,"href":"https:\/\/www.parisplacededroit.org\/en\/wp-json\/wp\/v2\/tags?post=3114"}],"curies":[{"name":"wp","href":"https:\/\/api.w.org\/{rel}","templated":true}]}}