{"id":2973,"date":"2023-09-25T17:06:45","date_gmt":"2023-09-25T17:06:45","guid":{"rendered":"https:\/\/www.parisplacededroit.org\/?p=2973"},"modified":"2023-09-25T17:06:46","modified_gmt":"2023-09-25T17:06:46","slug":"la-nuit-du-droit-x-paris-place-de-droit-2023","status":"publish","type":"post","link":"https:\/\/www.parisplacededroit.org\/en\/la-nuit-du-droit-x-paris-place-de-droit-2023\/","title":{"rendered":"La Nuit du Droit x Paris Place de droit 2023"},"content":{"rendered":"\n<p>Paris Place de Droit est heureuse de vous convier \u00e0 sa Nuit du Droit au Tribunal de Commerce de Paris le 4 octobre prochain. Les tables rondes r\u00e9uniront des experts \u00e9minents du secteur juridique pour discuter des d\u00e9fis actuels et des opportunit\u00e9s \u00e9mergentes. Nous avons h\u00e2te de vous accueillir \u00e0 la Nuit du Droit, une occasion unique de renforcer notre communaut\u00e9 juridique et d&#8217;explorer ensemble les voies de l&#8217;excellence.<br>Voici un aper\u00e7u des sujets qui seront abord\u00e9s lors de ces tables rondes :<\/p>\n\n\n\n<ul class=\"wp-block-list\">\n<li>Quelle responsabilit\u00e9 pour l\u2019Entreprise dans la lutte contre le r\u00e9chauffement climatique (et la pr\u00e9servation de la biodiversit\u00e9) ?<\/li>\n\n\n\n<li>L\u2019amicus curiae, outil d\u2019une meilleure coop\u00e9ration entre le tribunal de commerce et les autorit\u00e9s de r\u00e9gulation<\/li>\n\n\n\n<li>Le smart contrat \u2013 Pr\u00e9sentation du livre blanc de la commission Justice Num\u00e9rique<\/li>\n\n\n\n<li>Expertise et r\u00e9paration des pr\u00e9judices \u00e9conomiques<\/li>\n\n\n\n<li>10 propositions pour moderniser la justice commerciale<\/li>\n\n\n\n<li>L\u2019attractivit\u00e9 de la place de Paris : perception et d\u00e9fis<\/li>\n\n\n\n<li>L\u2019actualit\u00e9 du droit des difficult\u00e9s des entreprises<\/li>\n<\/ul>\n\n\n\n<p>\ud83d\udccdTribunal de commerce de Paris<br>\u23f0 \u00c0 partir de 19h30<br>\ud83d\uddd3R\u00e9servez d\u00e8s maintenant votre soir\u00e9e du mercredi 4 octobre !<\/p>\n\n\n\n<p>Pour vous inscrire \u27a1\ufe0f <\/p>\n\n\n\n<br><iframe loading=\"lazy\" src=\"https:\/\/www.linkedin.com\/embed\/feed\/update\/urn:li:share:7104836476298752002\" height=\"1049\" width=\"504\" frameborder=\"0\" allowfullscreen=\"\" title=\"Post int\u00e9gr\u00e9\"><\/iframe>\n","protected":false},"excerpt":{"rendered":"<p>Paris Place de Droit est heureuse de vous convier \u00e0 sa Nuit du Droit au Tribunal de Commerce de Paris&#8230;<\/p>\n","protected":false},"author":10,"featured_media":0,"comment_status":"open","ping_status":"open","sticky":false,"template":"","format":"standard","meta":{"_acf_changed":false,"footnotes":""},"categories":[1],"tags":[],"class_list":["post-2973","post","type-post","status-publish","format-standard","hentry","category-non-classifiee"],"acf":[],"yoast_head":"<!-- This site is optimized with the Yoast SEO plugin v27.3 - https:\/\/yoast.com\/product\/yoast-seo-wordpress\/ -->\n<title>La Nuit du Droit x Paris Place de droit 2023 - Paris city of law - Legal place in France<\/title>\n<meta name=\"robots\" content=\"index, follow, max-snippet:-1, max-image-preview:large, max-video-preview:-1\" \/>\n<link rel=\"canonical\" href=\"https:\/\/www.parisplacededroit.org\/la-nuit-du-droit-x-paris-place-de-droit-2023\/\" \/>\n<meta property=\"og:locale\" content=\"en_US\" \/>\n<meta property=\"og:type\" content=\"article\" \/>\n<meta property=\"og:title\" content=\"La Nuit du Droit x Paris Place de droit 2023 - Paris city of law - Legal place in France\" \/>\n<meta property=\"og:description\" content=\"Paris Place de Droit est heureuse de vous convier \u00e0 sa Nuit du Droit au Tribunal de Commerce de Paris...\" \/>\n<meta property=\"og:url\" content=\"https:\/\/www.parisplacededroit.org\/la-nuit-du-droit-x-paris-place-de-droit-2023\/\" \/>\n<meta property=\"og:site_name\" content=\"Paris city of law - Legal place in France\" \/>\n<meta property=\"article:published_time\" content=\"2023-09-25T17:06:45+00:00\" \/>\n<meta property=\"article:modified_time\" content=\"2023-09-25T17:06:46+00:00\" \/>\n<meta name=\"author\" content=\"bqorchi\" \/>\n<meta name=\"twitter:card\" content=\"summary_large_image\" \/>\n<meta name=\"twitter:creator\" content=\"@ParisPlaceDroit\" \/>\n<meta name=\"twitter:site\" content=\"@ParisPlaceDroit\" \/>\n<meta name=\"twitter:label1\" content=\"Written by\" \/>\n\t<meta name=\"twitter:data1\" content=\"bqorchi\" \/>\n\t<meta name=\"twitter:label2\" content=\"Est. reading time\" \/>\n\t<meta name=\"twitter:data2\" content=\"1 minute\" \/>\n<script type=\"application\/ld+json\" class=\"yoast-schema-graph\">{\"@context\":\"https:\\\/\\\/schema.org\",\"@graph\":[{\"@type\":\"Article\",\"@id\":\"https:\\\/\\\/www.parisplacededroit.org\\\/la-nuit-du-droit-x-paris-place-de-droit-2023\\\/#article\",\"isPartOf\":{\"@id\":\"https:\\\/\\\/www.parisplacededroit.org\\\/la-nuit-du-droit-x-paris-place-de-droit-2023\\\/\"},\"author\":{\"name\":\"bqorchi\",\"@id\":\"https:\\\/\\\/www.parisplacededroit.org\\\/#\\\/schema\\\/person\\\/266597056d2da68d4eb24ed2f9dab2ce\"},\"headline\":\"La Nuit du Droit x Paris Place de droit 2023\",\"datePublished\":\"2023-09-25T17:06:45+00:00\",\"dateModified\":\"2023-09-25T17:06:46+00:00\",\"mainEntityOfPage\":{\"@id\":\"https:\\\/\\\/www.parisplacededroit.org\\\/la-nuit-du-droit-x-paris-place-de-droit-2023\\\/\"},\"wordCount\":207,\"commentCount\":0,\"articleSection\":[\"Non classifi\u00e9(e)\"],\"inLanguage\":\"en-US\",\"potentialAction\":[{\"@type\":\"CommentAction\",\"name\":\"Comment\",\"target\":[\"https:\\\/\\\/www.parisplacededroit.org\\\/la-nuit-du-droit-x-paris-place-de-droit-2023\\\/#respond\"]}]},{\"@type\":\"WebPage\",\"@id\":\"https:\\\/\\\/www.parisplacededroit.org\\\/la-nuit-du-droit-x-paris-place-de-droit-2023\\\/\",\"url\":\"https:\\\/\\\/www.parisplacededroit.org\\\/la-nuit-du-droit-x-paris-place-de-droit-2023\\\/\",\"name\":\"La Nuit du Droit x Paris Place de droit 2023 - Paris city of law - Legal place in France\",\"isPartOf\":{\"@id\":\"https:\\\/\\\/www.parisplacededroit.org\\\/#website\"},\"datePublished\":\"2023-09-25T17:06:45+00:00\",\"dateModified\":\"2023-09-25T17:06:46+00:00\",\"author\":{\"@id\":\"https:\\\/\\\/www.parisplacededroit.org\\\/#\\\/schema\\\/person\\\/266597056d2da68d4eb24ed2f9dab2ce\"},\"breadcrumb\":{\"@id\":\"https:\\\/\\\/www.parisplacededroit.org\\\/la-nuit-du-droit-x-paris-place-de-droit-2023\\\/#breadcrumb\"},\"inLanguage\":\"en-US\",\"potentialAction\":[{\"@type\":\"ReadAction\",\"target\":[\"https:\\\/\\\/www.parisplacededroit.org\\\/la-nuit-du-droit-x-paris-place-de-droit-2023\\\/\"]}]},{\"@type\":\"BreadcrumbList\",\"@id\":\"https:\\\/\\\/www.parisplacededroit.org\\\/la-nuit-du-droit-x-paris-place-de-droit-2023\\\/#breadcrumb\",\"itemListElement\":[{\"@type\":\"ListItem\",\"position\":1,\"name\":\"Accueil\",\"item\":\"https:\\\/\\\/www.parisplacededroit.org\\\/en\\\/\"},{\"@type\":\"ListItem\",\"position\":2,\"name\":\"La Nuit du Droit x Paris Place de droit 2023\"}]},{\"@type\":\"WebSite\",\"@id\":\"https:\\\/\\\/www.parisplacededroit.org\\\/#website\",\"url\":\"https:\\\/\\\/www.parisplacededroit.org\\\/\",\"name\":\"Paris city of law - Legal place in France\",\"description\":\"With Paris Place of Law, our city build a unique legal place. It is a safe and competitive legal framework that Paris offers to French and foreign companies.\",\"potentialAction\":[{\"@type\":\"SearchAction\",\"target\":{\"@type\":\"EntryPoint\",\"urlTemplate\":\"https:\\\/\\\/www.parisplacededroit.org\\\/?s={search_term_string}\"},\"query-input\":{\"@type\":\"PropertyValueSpecification\",\"valueRequired\":true,\"valueName\":\"search_term_string\"}}],\"inLanguage\":\"en-US\"},{\"@type\":\"Person\",\"@id\":\"https:\\\/\\\/www.parisplacededroit.org\\\/#\\\/schema\\\/person\\\/266597056d2da68d4eb24ed2f9dab2ce\",\"name\":\"bqorchi\",\"image\":{\"@type\":\"ImageObject\",\"inLanguage\":\"en-US\",\"@id\":\"https:\\\/\\\/secure.gravatar.com\\\/avatar\\\/335d85880c719894ba30b16df0eae6b00988dd4be6ecbd92b4fb646b51026eb0?s=96&d=mm&r=g\",\"url\":\"https:\\\/\\\/secure.gravatar.com\\\/avatar\\\/335d85880c719894ba30b16df0eae6b00988dd4be6ecbd92b4fb646b51026eb0?s=96&d=mm&r=g\",\"contentUrl\":\"https:\\\/\\\/secure.gravatar.com\\\/avatar\\\/335d85880c719894ba30b16df0eae6b00988dd4be6ecbd92b4fb646b51026eb0?s=96&d=mm&r=g\",\"caption\":\"bqorchi\"}}]}<\/script>\n<!-- \/ Yoast SEO plugin. -->","yoast_head_json":{"title":"La Nuit du Droit x Paris Place de droit 2023 - Paris city of law - Legal place in France","robots":{"index":"index","follow":"follow","max-snippet":"max-snippet:-1","max-image-preview":"max-image-preview:large","max-video-preview":"max-video-preview:-1"},"canonical":"https:\/\/www.parisplacededroit.org\/la-nuit-du-droit-x-paris-place-de-droit-2023\/","og_locale":"en_US","og_type":"article","og_title":"La Nuit du Droit x Paris Place de droit 2023 - Paris city of law - Legal place in France","og_description":"Paris Place de Droit est heureuse de vous convier \u00e0 sa Nuit du Droit au Tribunal de Commerce de Paris...","og_url":"https:\/\/www.parisplacededroit.org\/la-nuit-du-droit-x-paris-place-de-droit-2023\/","og_site_name":"Paris city of law - Legal place in France","article_published_time":"2023-09-25T17:06:45+00:00","article_modified_time":"2023-09-25T17:06:46+00:00","author":"bqorchi","twitter_card":"summary_large_image","twitter_creator":"@ParisPlaceDroit","twitter_site":"@ParisPlaceDroit","twitter_misc":{"Written by":"bqorchi","Est. reading time":"1 minute"},"schema":{"@context":"https:\/\/schema.org","@graph":[{"@type":"Article","@id":"https:\/\/www.parisplacededroit.org\/la-nuit-du-droit-x-paris-place-de-droit-2023\/#article","isPartOf":{"@id":"https:\/\/www.parisplacededroit.org\/la-nuit-du-droit-x-paris-place-de-droit-2023\/"},"author":{"name":"bqorchi","@id":"https:\/\/www.parisplacededroit.org\/#\/schema\/person\/266597056d2da68d4eb24ed2f9dab2ce"},"headline":"La Nuit du Droit x Paris Place de droit 2023","datePublished":"2023-09-25T17:06:45+00:00","dateModified":"2023-09-25T17:06:46+00:00","mainEntityOfPage":{"@id":"https:\/\/www.parisplacededroit.org\/la-nuit-du-droit-x-paris-place-de-droit-2023\/"},"wordCount":207,"commentCount":0,"articleSection":["Non classifi\u00e9(e)"],"inLanguage":"en-US","potentialAction":[{"@type":"CommentAction","name":"Comment","target":["https:\/\/www.parisplacededroit.org\/la-nuit-du-droit-x-paris-place-de-droit-2023\/#respond"]}]},{"@type":"WebPage","@id":"https:\/\/www.parisplacededroit.org\/la-nuit-du-droit-x-paris-place-de-droit-2023\/","url":"https:\/\/www.parisplacededroit.org\/la-nuit-du-droit-x-paris-place-de-droit-2023\/","name":"La Nuit du Droit x Paris Place de droit 2023 - Paris city of law - Legal place in France","isPartOf":{"@id":"https:\/\/www.parisplacededroit.org\/#website"},"datePublished":"2023-09-25T17:06:45+00:00","dateModified":"2023-09-25T17:06:46+00:00","author":{"@id":"https:\/\/www.parisplacededroit.org\/#\/schema\/person\/266597056d2da68d4eb24ed2f9dab2ce"},"breadcrumb":{"@id":"https:\/\/www.parisplacededroit.org\/la-nuit-du-droit-x-paris-place-de-droit-2023\/#breadcrumb"},"inLanguage":"en-US","potentialAction":[{"@type":"ReadAction","target":["https:\/\/www.parisplacededroit.org\/la-nuit-du-droit-x-paris-place-de-droit-2023\/"]}]},{"@type":"BreadcrumbList","@id":"https:\/\/www.parisplacededroit.org\/la-nuit-du-droit-x-paris-place-de-droit-2023\/#breadcrumb","itemListElement":[{"@type":"ListItem","position":1,"name":"Accueil","item":"https:\/\/www.parisplacededroit.org\/en\/"},{"@type":"ListItem","position":2,"name":"La Nuit du Droit x Paris Place de droit 2023"}]},{"@type":"WebSite","@id":"https:\/\/www.parisplacededroit.org\/#website","url":"https:\/\/www.parisplacededroit.org\/","name":"Paris city of law - Legal place in France","description":"With Paris Place of Law, our city build a unique legal place. It is a safe and competitive legal framework that Paris offers to French and foreign companies.","potentialAction":[{"@type":"SearchAction","target":{"@type":"EntryPoint","urlTemplate":"https:\/\/www.parisplacededroit.org\/?s={search_term_string}"},"query-input":{"@type":"PropertyValueSpecification","valueRequired":true,"valueName":"search_term_string"}}],"inLanguage":"en-US"},{"@type":"Person","@id":"https:\/\/www.parisplacededroit.org\/#\/schema\/person\/266597056d2da68d4eb24ed2f9dab2ce","name":"bqorchi","image":{"@type":"ImageObject","inLanguage":"en-US","@id":"https:\/\/secure.gravatar.com\/avatar\/335d85880c719894ba30b16df0eae6b00988dd4be6ecbd92b4fb646b51026eb0?s=96&d=mm&r=g","url":"https:\/\/secure.gravatar.com\/avatar\/335d85880c719894ba30b16df0eae6b00988dd4be6ecbd92b4fb646b51026eb0?s=96&d=mm&r=g","contentUrl":"https:\/\/secure.gravatar.com\/avatar\/335d85880c719894ba30b16df0eae6b00988dd4be6ecbd92b4fb646b51026eb0?s=96&d=mm&r=g","caption":"bqorchi"}}]}},"_links":{"self":[{"href":"https:\/\/www.parisplacededroit.org\/en\/wp-json\/wp\/v2\/posts\/2973","targetHints":{"allow":["GET"]}}],"collection":[{"href":"https:\/\/www.parisplacededroit.org\/en\/wp-json\/wp\/v2\/posts"}],"about":[{"href":"https:\/\/www.parisplacededroit.org\/en\/wp-json\/wp\/v2\/types\/post"}],"author":[{"embeddable":true,"href":"https:\/\/www.parisplacededroit.org\/en\/wp-json\/wp\/v2\/users\/10"}],"replies":[{"embeddable":true,"href":"https:\/\/www.parisplacededroit.org\/en\/wp-json\/wp\/v2\/comments?post=2973"}],"version-history":[{"count":3,"href":"https:\/\/www.parisplacededroit.org\/en\/wp-json\/wp\/v2\/posts\/2973\/revisions"}],"predecessor-version":[{"id":2976,"href":"https:\/\/www.parisplacededroit.org\/en\/wp-json\/wp\/v2\/posts\/2973\/revisions\/2976"}],"wp:attachment":[{"href":"https:\/\/www.parisplacededroit.org\/en\/wp-json\/wp\/v2\/media?parent=2973"}],"wp:term":[{"taxonomy":"category","embeddable":true,"href":"https:\/\/www.parisplacededroit.org\/en\/wp-json\/wp\/v2\/categories?post=2973"},{"taxonomy":"post_tag","embeddable":true,"href":"https:\/\/www.parisplacededroit.org\/en\/wp-json\/wp\/v2\/tags?post=2973"}],"curies":[{"name":"wp","href":"https:\/\/api.w.org\/{rel}","templated":true}]}}