{"id":2947,"date":"2023-05-30T12:01:00","date_gmt":"2023-05-30T12:01:00","guid":{"rendered":"https:\/\/www.parisplacededroit.org\/?p=2947"},"modified":"2023-06-19T14:02:01","modified_gmt":"2023-06-19T14:02:01","slug":"colloque-le-droit-de-la-concurrence-a-lepreuve-des-crises","status":"publish","type":"post","link":"https:\/\/www.parisplacededroit.org\/en\/colloque-le-droit-de-la-concurrence-a-lepreuve-des-crises\/","title":{"rendered":"Colloque : Le droit de la concurrence \u00e0 l&#8217;\u00e9preuve des crises"},"content":{"rendered":"\n<p>\ud83d\udce3\u2696\ufe0f&nbsp;<a href=\"https:\/\/www.linkedin.com\/feed\/hashtag\/?keywords=colloque&amp;highlightedUpdateUrns=urn%3Ali%3Aactivity%3A7069266279563456513\" target=\"_blank\" rel=\"noreferrer noopener\">#Colloque<\/a>&nbsp;| L&#8217;<a href=\"https:\/\/www.linkedin.com\/company\/afec---association-fran%C3%A7aise-d'%C3%A9tude-de-la-concurrence\/\" target=\"_blank\" rel=\"noreferrer noopener\">AFEC &#8211; Association fran\u00e7aise d&#8217;\u00e9tude de la concurrence<\/a>et&nbsp;<a href=\"https:\/\/www.linkedin.com\/company\/icc-france\/\" target=\"_blank\" rel=\"noreferrer noopener\">ICC France<\/a>&nbsp;organisent le mardi 6 juin un colloque sur le th\u00e8me &#8220;Le droit de la concurrence \u00e0 l&#8217;\u00e9preuve des crises&#8221;.<\/p>\n\n\n\n<p>\ud83d\udccc Au programme :<\/p>\n\n\n\n<p>14h \u2013 Accueil des participants<br>14h20 \u2013 Mots d\u2019accueil d\u2019ICC France et de l\u2019AFEC<br>14h30 \u2013 Introduction d\u2019Olivier Guersent, Directeur g\u00e9n\u00e9ral, Direction G\u00e9n\u00e9rale de la Concurrence<\/p>\n\n\n\n<p>I \u2013 Le droit antitrust adapt\u00e9 aux crises<\/p>\n\n\n\n<p>Mod\u00e9rateur :&nbsp;<a href=\"https:\/\/www.linkedin.com\/in\/ACoAAA3Fl3IBSTjyoMWUOQT2VljQsnhHWu4YfXQ\" target=\"_blank\" rel=\"noreferrer noopener\">Muriel Chagny<\/a>, Agr\u00e9g\u00e9e des facult\u00e9s de droit, Pr\u00e9sidente, AFEC<\/p>\n\n\n\n<p>15h \u2013 Les situations exceptionnelles<br>Intervenants :&nbsp;<a href=\"https:\/\/www.linkedin.com\/in\/ACoAAACBaWoBDrgPiKNIXz9LIIgDNgMzIKvDzO8\" target=\"_blank\" rel=\"noreferrer noopener\">Ombline Ancelin<\/a>, Partner \u2013 Competition,&nbsp;<a href=\"https:\/\/www.linkedin.com\/company\/simmons-&amp;-simmons\/\" target=\"_blank\" rel=\"noreferrer noopener\">Simmons &amp; Simmons<\/a>&nbsp;<a href=\"https:\/\/www.linkedin.com\/in\/ACoAAAkLxvUBL2fMMerNjNcTtdDj0nNlG2uqlBs\" target=\"_blank\" rel=\"noreferrer noopener\">Ilja Pohland<\/a>, Head of Legal,&nbsp;<a href=\"https:\/\/www.linkedin.com\/company\/upsa-france\/\" target=\"_blank\" rel=\"noreferrer noopener\">UPSA<\/a>&nbsp;<a href=\"https:\/\/www.linkedin.com\/in\/ACoAACoeVjIB9Qd8d63YG5aBjJT6otx_cp3TqVU\" target=\"_blank\" rel=\"noreferrer noopener\">Etienne Pfister<\/a>, Partner,&nbsp;<a href=\"https:\/\/www.linkedin.com\/company\/rbb-economics\/\" target=\"_blank\" rel=\"noreferrer noopener\">RBB Economics<\/a>&nbsp;<br>15h30 \u2013 Les crises sur le long terme&nbsp;<br>Intervenants :&nbsp;<a href=\"https:\/\/www.linkedin.com\/in\/ACoAABbYPjYB23oUB54VAhLVyGp6o-fPunEnXRc\" target=\"_blank\" rel=\"noreferrer noopener\">Camille Grimaldi<\/a>, In-house Counsel \u2013 Antitrust,&nbsp;<a href=\"https:\/\/www.linkedin.com\/company\/edf\/\" target=\"_blank\" rel=\"noreferrer noopener\">EDF<\/a>&nbsp;<a href=\"https:\/\/www.linkedin.com\/in\/ACoAABAPKOoBr-JT62y3mPIbNNAPFOeNr6z5EMM\" target=\"_blank\" rel=\"noreferrer noopener\">Anthony Le Gall<\/a>, Responsable du p\u00f4le droit de la concurrence,&nbsp;<a href=\"https:\/\/www.linkedin.com\/company\/la-poste-groupe\/\" target=\"_blank\" rel=\"noreferrer noopener\">La Poste Groupe<\/a>&nbsp;<a href=\"https:\/\/www.linkedin.com\/in\/ACoAAAOM8ysBDrmsYEP5eojKtELesrlDXFgZddo\" target=\"_blank\" rel=\"noreferrer noopener\">Jean-Louis Fourgoux<\/a>, Avocat associ\u00e9,&nbsp;<a href=\"https:\/\/www.linkedin.com\/company\/mermoz-avocats\/\" target=\"_blank\" rel=\"noreferrer noopener\">Mermoz Avocats<\/a>&nbsp;<\/p>\n\n\n\n<p>16h \u2013 Le renforcement du besoin de financement des entreprises<br>Intervenants :&nbsp;<a href=\"https:\/\/www.linkedin.com\/in\/ACoAABpYSvUBuLMMWLGNazMIGKUhaVijYNHnGQU\" target=\"_blank\" rel=\"noreferrer noopener\">Patrick Hubert<\/a>, Partner, Orrick,&nbsp;<a href=\"https:\/\/www.linkedin.com\/company\/orrick-herrington-&amp;-sutcliffe-llp\/\" target=\"_blank\" rel=\"noreferrer noopener\">Orrick, Herrington &amp; Sutcliffe LLP<\/a>&nbsp;<a href=\"https:\/\/www.linkedin.com\/in\/ACoAAAvfKeIByyuc66JH8BC3NT4NzwPN9UwD1QA\" target=\"_blank\" rel=\"noreferrer noopener\">Fabrice Picod<\/a>, Professeur des universit\u00e9s,&nbsp;<a href=\"https:\/\/www.linkedin.com\/company\/assasuniversite\/\" target=\"_blank\" rel=\"noreferrer noopener\">Panth\u00e9on-Assas universit\u00e9<\/a>&nbsp;(Paris II) 16h30\/16h45<\/p>\n\n\n\n<p>II \u2013 Le droit des pratiques restrictives et d\u00e9loyales, adaptable aux crises ?<br>Mod\u00e9rateur :&nbsp;<a href=\"https:\/\/www.linkedin.com\/in\/ACoAAAKOGMgBpD4Jzc6sQ9-Rq0elcsrJdfit8m0\" target=\"_blank\" rel=\"noreferrer noopener\">Michel Ponsard<\/a>, Avocat associ\u00e9,&nbsp;<a href=\"https:\/\/www.linkedin.com\/company\/uggc-avocats\/\" target=\"_blank\" rel=\"noreferrer noopener\">UGGC Avocats<\/a>&nbsp;<\/p>\n\n\n\n<p>16h45 \u2013 La relation contractuelle \u00e0 l\u2019\u00e9preuve des crises et du droit des pratiques d\u00e9loyales&nbsp;<br>Intervenants :&nbsp;<a href=\"https:\/\/www.linkedin.com\/in\/ACoAAAPym9UBUvRI_Kx0YFV6tT-pH9w5ldma7wE\" target=\"_blank\" rel=\"noreferrer noopener\">TONY VEDIE<\/a>, Directeur juridique Op\u00e9rations Groupe,&nbsp;<a href=\"https:\/\/www.linkedin.com\/company\/carrefour\/\" target=\"_blank\" rel=\"noreferrer noopener\">Carrefour<\/a>&nbsp;<a href=\"https:\/\/www.linkedin.com\/in\/ACoAAABy5y0BJyAlZYEDJgYEEP_ntjdAeNHkgto\" target=\"_blank\" rel=\"noreferrer noopener\">Daniel Diot<\/a>, Juriste, Lois &amp; Strat\u00e9gies&nbsp;Odile Mathilde Boudou, Avocate,&nbsp;<a href=\"https:\/\/www.linkedin.com\/company\/jcc-associes\/\" target=\"_blank\" rel=\"noreferrer noopener\">Jean-Claude COULON &amp; Associ\u00e9s<\/a>&nbsp;<br><a href=\"https:\/\/www.linkedin.com\/in\/ACoAAAbkTbQBZPDi7omdQpTMnRQyms72YWzNXvA\" target=\"_blank\" rel=\"noreferrer noopener\">Dominique Anract<\/a>, Pr\u00e9sident, Conf\u00e9d\u00e9ration Nationale de la&nbsp;<a href=\"https:\/\/www.linkedin.com\/company\/confederationboulangerie\/\" target=\"_blank\" rel=\"noreferrer noopener\">Conf\u00e9d\u00e9ration Nationale de la Boulangerie-P\u00e2tisserie Fran\u00e7aise (CNBPF)<\/a>&nbsp;<\/p>\n\n\n\n<p>18h \u2013 Conclusions par&nbsp;<a href=\"https:\/\/www.linkedin.com\/in\/ACoAAARvFUEBFX1pSFEfP47lQnuk7_16Oi1T7MU\" target=\"_blank\" rel=\"noreferrer noopener\">Fr\u00e9d\u00e9ric Descrozaille<\/a>, d\u00e9put\u00e9 du Val de Marne (1\u00e8re circonscription)&nbsp;<\/p>\n\n\n\n<p>\ud83c\udf78La table ronde sera suivie d&#8217;un cocktail.<br>&nbsp;<br>\ud83d\uddd3 6 juin&nbsp;2023&nbsp;<br>\ud83d\udd5d 14h \u00e0 18H30<br>\ud83d\udccdICC,&nbsp;<a href=\"https:\/\/www.google.com\/maps\/search\/33-43+avenue+du+Pr%C3%A9sident+Wilson,+75016+Paris?entry=gmail&amp;source=g\">33-43 a<\/a><a href=\"https:\/\/www.google.com\/maps\/search\/33-43+avenue+du+Pr%C3%A9sident+Wilson,+75016+Paris?entry=gmail&amp;source=g\" target=\"_blank\" rel=\"noreferrer noopener\">v<\/a><a href=\"https:\/\/www.google.com\/maps\/search\/33-43+avenue+du+Pr%C3%A9sident+Wilson,+75016+Paris?entry=gmail&amp;source=g\">enue du Pr\u00e9sident Wilson, 75016 Paris<\/a>.<\/p>\n\n\n\n<p>\ud83d\udd0d Pour plus d\u2019informations sur le programme :&nbsp;<a href=\"https:\/\/lnkd.in\/e6GK5gJ4\" target=\"_blank\" rel=\"noreferrer noopener\">https:\/\/lnkd.in\/e6GK5gJ4<\/a><\/p>\n\n\n\n<p>\ud83d\udce5 Pour vous inscrire :&nbsp;<a href=\"https:\/\/lnkd.in\/eXeC2dNR\" target=\"_blank\" rel=\"noreferrer noopener\">https:\/\/lnkd.in\/eXeC2dNR<\/a><\/p>\n\n\n\n<iframe loading=\"lazy\" src=\"https:\/\/www.linkedin.com\/embed\/feed\/update\/urn:li:share:7069266278355496960\" height=\"1688\" width=\"504\" frameborder=\"0\" allowfullscreen=\"\" title=\"Embedded post\"><\/iframe>\n","protected":false},"excerpt":{"rendered":"<p>\ud83d\udce3\u2696\ufe0f&nbsp;#Colloque&nbsp;| L&#8217;AFEC &#8211; Association fran\u00e7aise d&#8217;\u00e9tude de la concurrenceet&nbsp;ICC France&nbsp;organisent le mardi 6 juin un colloque sur le th\u00e8me &#8220;Le&#8230;<\/p>\n","protected":false},"author":10,"featured_media":0,"comment_status":"open","ping_status":"open","sticky":false,"template":"","format":"standard","meta":{"_acf_changed":false,"footnotes":""},"categories":[1],"tags":[],"class_list":["post-2947","post","type-post","status-publish","format-standard","hentry","category-non-classifiee"],"acf":[],"yoast_head":"<!-- This site is optimized with the Yoast SEO plugin v27.3 - https:\/\/yoast.com\/product\/yoast-seo-wordpress\/ -->\n<title>Colloque : Le droit de la concurrence \u00e0 l&#039;\u00e9preuve des crises - Paris city of law - Legal place in France<\/title>\n<meta name=\"robots\" content=\"index, follow, max-snippet:-1, max-image-preview:large, max-video-preview:-1\" \/>\n<link rel=\"canonical\" href=\"https:\/\/www.parisplacededroit.org\/colloque-le-droit-de-la-concurrence-a-lepreuve-des-crises\/\" \/>\n<meta property=\"og:locale\" content=\"en_US\" \/>\n<meta property=\"og:type\" content=\"article\" \/>\n<meta property=\"og:title\" content=\"Colloque : Le droit de la concurrence \u00e0 l&#039;\u00e9preuve des crises - Paris city of law - Legal place in France\" \/>\n<meta property=\"og:description\" content=\"\ud83d\udce3\u2696\ufe0f&nbsp;#Colloque&nbsp;| L&#8217;AFEC &#8211; Association fran\u00e7aise d&#8217;\u00e9tude de la concurrenceet&nbsp;ICC France&nbsp;organisent le mardi 6 juin un colloque sur le th\u00e8me &#8220;Le...\" \/>\n<meta property=\"og:url\" content=\"https:\/\/www.parisplacededroit.org\/colloque-le-droit-de-la-concurrence-a-lepreuve-des-crises\/\" \/>\n<meta property=\"og:site_name\" content=\"Paris city of law - Legal place in France\" \/>\n<meta property=\"article:published_time\" content=\"2023-05-30T12:01:00+00:00\" \/>\n<meta property=\"article:modified_time\" content=\"2023-06-19T14:02:01+00:00\" \/>\n<meta name=\"author\" content=\"bqorchi\" \/>\n<meta name=\"twitter:card\" content=\"summary_large_image\" \/>\n<meta name=\"twitter:creator\" content=\"@ParisPlaceDroit\" \/>\n<meta name=\"twitter:site\" content=\"@ParisPlaceDroit\" \/>\n<meta name=\"twitter:label1\" content=\"Written by\" \/>\n\t<meta name=\"twitter:data1\" content=\"bqorchi\" \/>\n\t<meta name=\"twitter:label2\" content=\"Est. reading time\" \/>\n\t<meta name=\"twitter:data2\" content=\"2 minutes\" \/>\n<script type=\"application\/ld+json\" class=\"yoast-schema-graph\">{\"@context\":\"https:\\\/\\\/schema.org\",\"@graph\":[{\"@type\":\"Article\",\"@id\":\"https:\\\/\\\/www.parisplacededroit.org\\\/colloque-le-droit-de-la-concurrence-a-lepreuve-des-crises\\\/#article\",\"isPartOf\":{\"@id\":\"https:\\\/\\\/www.parisplacededroit.org\\\/colloque-le-droit-de-la-concurrence-a-lepreuve-des-crises\\\/\"},\"author\":{\"name\":\"bqorchi\",\"@id\":\"https:\\\/\\\/www.parisplacededroit.org\\\/#\\\/schema\\\/person\\\/266597056d2da68d4eb24ed2f9dab2ce\"},\"headline\":\"Colloque : Le droit de la concurrence \u00e0 l&#8217;\u00e9preuve des crises\",\"datePublished\":\"2023-05-30T12:01:00+00:00\",\"dateModified\":\"2023-06-19T14:02:01+00:00\",\"mainEntityOfPage\":{\"@id\":\"https:\\\/\\\/www.parisplacededroit.org\\\/colloque-le-droit-de-la-concurrence-a-lepreuve-des-crises\\\/\"},\"wordCount\":368,\"commentCount\":0,\"articleSection\":[\"Non classifi\u00e9(e)\"],\"inLanguage\":\"en-US\",\"potentialAction\":[{\"@type\":\"CommentAction\",\"name\":\"Comment\",\"target\":[\"https:\\\/\\\/www.parisplacededroit.org\\\/colloque-le-droit-de-la-concurrence-a-lepreuve-des-crises\\\/#respond\"]}]},{\"@type\":\"WebPage\",\"@id\":\"https:\\\/\\\/www.parisplacededroit.org\\\/colloque-le-droit-de-la-concurrence-a-lepreuve-des-crises\\\/\",\"url\":\"https:\\\/\\\/www.parisplacededroit.org\\\/colloque-le-droit-de-la-concurrence-a-lepreuve-des-crises\\\/\",\"name\":\"Colloque : Le droit de la concurrence \u00e0 l'\u00e9preuve des crises - Paris city of law - Legal place in France\",\"isPartOf\":{\"@id\":\"https:\\\/\\\/www.parisplacededroit.org\\\/#website\"},\"datePublished\":\"2023-05-30T12:01:00+00:00\",\"dateModified\":\"2023-06-19T14:02:01+00:00\",\"author\":{\"@id\":\"https:\\\/\\\/www.parisplacededroit.org\\\/#\\\/schema\\\/person\\\/266597056d2da68d4eb24ed2f9dab2ce\"},\"breadcrumb\":{\"@id\":\"https:\\\/\\\/www.parisplacededroit.org\\\/colloque-le-droit-de-la-concurrence-a-lepreuve-des-crises\\\/#breadcrumb\"},\"inLanguage\":\"en-US\",\"potentialAction\":[{\"@type\":\"ReadAction\",\"target\":[\"https:\\\/\\\/www.parisplacededroit.org\\\/colloque-le-droit-de-la-concurrence-a-lepreuve-des-crises\\\/\"]}]},{\"@type\":\"BreadcrumbList\",\"@id\":\"https:\\\/\\\/www.parisplacededroit.org\\\/colloque-le-droit-de-la-concurrence-a-lepreuve-des-crises\\\/#breadcrumb\",\"itemListElement\":[{\"@type\":\"ListItem\",\"position\":1,\"name\":\"Accueil\",\"item\":\"https:\\\/\\\/www.parisplacededroit.org\\\/en\\\/\"},{\"@type\":\"ListItem\",\"position\":2,\"name\":\"Colloque : Le droit de la concurrence \u00e0 l&rsquo;\u00e9preuve des crises\"}]},{\"@type\":\"WebSite\",\"@id\":\"https:\\\/\\\/www.parisplacededroit.org\\\/#website\",\"url\":\"https:\\\/\\\/www.parisplacededroit.org\\\/\",\"name\":\"Paris city of law - Legal place in France\",\"description\":\"With Paris Place of Law, our city build a unique legal place. It is a safe and competitive legal framework that Paris offers to French and foreign companies.\",\"potentialAction\":[{\"@type\":\"SearchAction\",\"target\":{\"@type\":\"EntryPoint\",\"urlTemplate\":\"https:\\\/\\\/www.parisplacededroit.org\\\/?s={search_term_string}\"},\"query-input\":{\"@type\":\"PropertyValueSpecification\",\"valueRequired\":true,\"valueName\":\"search_term_string\"}}],\"inLanguage\":\"en-US\"},{\"@type\":\"Person\",\"@id\":\"https:\\\/\\\/www.parisplacededroit.org\\\/#\\\/schema\\\/person\\\/266597056d2da68d4eb24ed2f9dab2ce\",\"name\":\"bqorchi\",\"image\":{\"@type\":\"ImageObject\",\"inLanguage\":\"en-US\",\"@id\":\"https:\\\/\\\/secure.gravatar.com\\\/avatar\\\/335d85880c719894ba30b16df0eae6b00988dd4be6ecbd92b4fb646b51026eb0?s=96&d=mm&r=g\",\"url\":\"https:\\\/\\\/secure.gravatar.com\\\/avatar\\\/335d85880c719894ba30b16df0eae6b00988dd4be6ecbd92b4fb646b51026eb0?s=96&d=mm&r=g\",\"contentUrl\":\"https:\\\/\\\/secure.gravatar.com\\\/avatar\\\/335d85880c719894ba30b16df0eae6b00988dd4be6ecbd92b4fb646b51026eb0?s=96&d=mm&r=g\",\"caption\":\"bqorchi\"}}]}<\/script>\n<!-- \/ Yoast SEO plugin. -->","yoast_head_json":{"title":"Colloque : Le droit de la concurrence \u00e0 l'\u00e9preuve des crises - Paris city of law - Legal place in France","robots":{"index":"index","follow":"follow","max-snippet":"max-snippet:-1","max-image-preview":"max-image-preview:large","max-video-preview":"max-video-preview:-1"},"canonical":"https:\/\/www.parisplacededroit.org\/colloque-le-droit-de-la-concurrence-a-lepreuve-des-crises\/","og_locale":"en_US","og_type":"article","og_title":"Colloque : Le droit de la concurrence \u00e0 l'\u00e9preuve des crises - Paris city of law - Legal place in France","og_description":"\ud83d\udce3\u2696\ufe0f&nbsp;#Colloque&nbsp;| L&#8217;AFEC &#8211; Association fran\u00e7aise d&#8217;\u00e9tude de la concurrenceet&nbsp;ICC France&nbsp;organisent le mardi 6 juin un colloque sur le th\u00e8me &#8220;Le...","og_url":"https:\/\/www.parisplacededroit.org\/colloque-le-droit-de-la-concurrence-a-lepreuve-des-crises\/","og_site_name":"Paris city of law - Legal place in France","article_published_time":"2023-05-30T12:01:00+00:00","article_modified_time":"2023-06-19T14:02:01+00:00","author":"bqorchi","twitter_card":"summary_large_image","twitter_creator":"@ParisPlaceDroit","twitter_site":"@ParisPlaceDroit","twitter_misc":{"Written by":"bqorchi","Est. reading time":"2 minutes"},"schema":{"@context":"https:\/\/schema.org","@graph":[{"@type":"Article","@id":"https:\/\/www.parisplacededroit.org\/colloque-le-droit-de-la-concurrence-a-lepreuve-des-crises\/#article","isPartOf":{"@id":"https:\/\/www.parisplacededroit.org\/colloque-le-droit-de-la-concurrence-a-lepreuve-des-crises\/"},"author":{"name":"bqorchi","@id":"https:\/\/www.parisplacededroit.org\/#\/schema\/person\/266597056d2da68d4eb24ed2f9dab2ce"},"headline":"Colloque : Le droit de la concurrence \u00e0 l&#8217;\u00e9preuve des crises","datePublished":"2023-05-30T12:01:00+00:00","dateModified":"2023-06-19T14:02:01+00:00","mainEntityOfPage":{"@id":"https:\/\/www.parisplacededroit.org\/colloque-le-droit-de-la-concurrence-a-lepreuve-des-crises\/"},"wordCount":368,"commentCount":0,"articleSection":["Non classifi\u00e9(e)"],"inLanguage":"en-US","potentialAction":[{"@type":"CommentAction","name":"Comment","target":["https:\/\/www.parisplacededroit.org\/colloque-le-droit-de-la-concurrence-a-lepreuve-des-crises\/#respond"]}]},{"@type":"WebPage","@id":"https:\/\/www.parisplacededroit.org\/colloque-le-droit-de-la-concurrence-a-lepreuve-des-crises\/","url":"https:\/\/www.parisplacededroit.org\/colloque-le-droit-de-la-concurrence-a-lepreuve-des-crises\/","name":"Colloque : Le droit de la concurrence \u00e0 l'\u00e9preuve des crises - Paris city of law - Legal place in France","isPartOf":{"@id":"https:\/\/www.parisplacededroit.org\/#website"},"datePublished":"2023-05-30T12:01:00+00:00","dateModified":"2023-06-19T14:02:01+00:00","author":{"@id":"https:\/\/www.parisplacededroit.org\/#\/schema\/person\/266597056d2da68d4eb24ed2f9dab2ce"},"breadcrumb":{"@id":"https:\/\/www.parisplacededroit.org\/colloque-le-droit-de-la-concurrence-a-lepreuve-des-crises\/#breadcrumb"},"inLanguage":"en-US","potentialAction":[{"@type":"ReadAction","target":["https:\/\/www.parisplacededroit.org\/colloque-le-droit-de-la-concurrence-a-lepreuve-des-crises\/"]}]},{"@type":"BreadcrumbList","@id":"https:\/\/www.parisplacededroit.org\/colloque-le-droit-de-la-concurrence-a-lepreuve-des-crises\/#breadcrumb","itemListElement":[{"@type":"ListItem","position":1,"name":"Accueil","item":"https:\/\/www.parisplacededroit.org\/en\/"},{"@type":"ListItem","position":2,"name":"Colloque : Le droit de la concurrence \u00e0 l&rsquo;\u00e9preuve des crises"}]},{"@type":"WebSite","@id":"https:\/\/www.parisplacededroit.org\/#website","url":"https:\/\/www.parisplacededroit.org\/","name":"Paris city of law - Legal place in France","description":"With Paris Place of Law, our city build a unique legal place. It is a safe and competitive legal framework that Paris offers to French and foreign companies.","potentialAction":[{"@type":"SearchAction","target":{"@type":"EntryPoint","urlTemplate":"https:\/\/www.parisplacededroit.org\/?s={search_term_string}"},"query-input":{"@type":"PropertyValueSpecification","valueRequired":true,"valueName":"search_term_string"}}],"inLanguage":"en-US"},{"@type":"Person","@id":"https:\/\/www.parisplacededroit.org\/#\/schema\/person\/266597056d2da68d4eb24ed2f9dab2ce","name":"bqorchi","image":{"@type":"ImageObject","inLanguage":"en-US","@id":"https:\/\/secure.gravatar.com\/avatar\/335d85880c719894ba30b16df0eae6b00988dd4be6ecbd92b4fb646b51026eb0?s=96&d=mm&r=g","url":"https:\/\/secure.gravatar.com\/avatar\/335d85880c719894ba30b16df0eae6b00988dd4be6ecbd92b4fb646b51026eb0?s=96&d=mm&r=g","contentUrl":"https:\/\/secure.gravatar.com\/avatar\/335d85880c719894ba30b16df0eae6b00988dd4be6ecbd92b4fb646b51026eb0?s=96&d=mm&r=g","caption":"bqorchi"}}]}},"_links":{"self":[{"href":"https:\/\/www.parisplacededroit.org\/en\/wp-json\/wp\/v2\/posts\/2947","targetHints":{"allow":["GET"]}}],"collection":[{"href":"https:\/\/www.parisplacededroit.org\/en\/wp-json\/wp\/v2\/posts"}],"about":[{"href":"https:\/\/www.parisplacededroit.org\/en\/wp-json\/wp\/v2\/types\/post"}],"author":[{"embeddable":true,"href":"https:\/\/www.parisplacededroit.org\/en\/wp-json\/wp\/v2\/users\/10"}],"replies":[{"embeddable":true,"href":"https:\/\/www.parisplacededroit.org\/en\/wp-json\/wp\/v2\/comments?post=2947"}],"version-history":[{"count":4,"href":"https:\/\/www.parisplacededroit.org\/en\/wp-json\/wp\/v2\/posts\/2947\/revisions"}],"predecessor-version":[{"id":2966,"href":"https:\/\/www.parisplacededroit.org\/en\/wp-json\/wp\/v2\/posts\/2947\/revisions\/2966"}],"wp:attachment":[{"href":"https:\/\/www.parisplacededroit.org\/en\/wp-json\/wp\/v2\/media?parent=2947"}],"wp:term":[{"taxonomy":"category","embeddable":true,"href":"https:\/\/www.parisplacededroit.org\/en\/wp-json\/wp\/v2\/categories?post=2947"},{"taxonomy":"post_tag","embeddable":true,"href":"https:\/\/www.parisplacededroit.org\/en\/wp-json\/wp\/v2\/tags?post=2947"}],"curies":[{"name":"wp","href":"https:\/\/api.w.org\/{rel}","templated":true}]}}