{"id":1395,"date":"2023-03-15T15:50:00","date_gmt":"2023-03-15T15:50:00","guid":{"rendered":"https:\/\/www.parisplacededroit.org\/?p=1395"},"modified":"2023-03-27T16:00:59","modified_gmt":"2023-03-27T16:00:59","slug":"paris-place-de-droit-lance-son-comite-millenium","status":"publish","type":"post","link":"https:\/\/www.parisplacededroit.org\/en\/paris-place-de-droit-lance-son-comite-millenium\/","title":{"rendered":"Paris Place de Droit lance son Comit\u00e9 Millenium"},"content":{"rendered":"\n<p><strong>Paris Place de Droit annonce la cr\u00e9ation du Comit\u00e9 Millenium.<br>L\u2019ambition ? Se tourner vers l\u2019avenir et donner \u00e0 la jeune g\u00e9n\u00e9ration de juristes de la place les moyens de s\u2019investir pour faire rayonner Paris comme capitale internationale du droit.<\/strong><\/p>\n\n\n\n<p><strong>Int\u00e9grer, \u00e9changer, promouvoir<br><\/strong>Sur une place internationale au c\u0153ur d\u2019un monde juridique en pleine mutation, le partage interprofessionnel et transg\u00e9n\u00e9rationnel devient essentiel. Parce que Paris Place de Droit s\u2019est toujours attach\u00e9e \u00e0 l\u2019avenir et \u00e0 la prospective, il lui semble indispensable de mettre les jeunes praticiens au c\u0153ur l\u2019association.<\/p>\n\n\n\n<p>Valence Borgia, \u00e0 l\u2019initiative du projet, pr\u00e9cise \u00ab nous portons la volont\u00e9 de donner la possibilit\u00e9 aux plus jeunes et talentueux professionnels de la place la possibilit\u00e9 de porter leurs id\u00e9es et conceptions, souvent novatrices au sein du r\u00e9seau de Paris Place de Droit \u00bb.<\/p>\n\n\n\n<p>Rejoindre ce comit\u00e9, pour cette g\u00e9n\u00e9ration de moins de 5 ans de pratique professionnelle, c\u2019est l\u2019occasion :<br>\u2022 D\u2019appartenir \u00e0 une communaut\u00e9 internationale d\u2019\u00e9changes et de r\u00e9flexions regroupant l\u2019ensemble des professionnels du droit ;<br>\u2022 d\u2019acc\u00e9der \u00e0 un programme de parrainage \/ marrainage informel pendant la premi\u00e8re ann\u00e9e d\u2019adh\u00e9sion ;<br>\u2022 d\u2019organiser et de participer \u00e0 des \u00e9v\u00e8nements r\u00e9currents (Millenium Breakfast, Millenium Afterworks, conf\u00e9rences, concours de plaidoirie) ;<br>\u2022 de s\u2019impliquer de mani\u00e8re privil\u00e9gi\u00e9e dans les travaux des commissions sp\u00e9cialis\u00e9es (justice climatique et environnementale, attractivit\u00e9 de la place de Paris, etc.).<\/p>\n\n\n\n<p>Pour Guillaume Racle, membre millenium, ce nouveau projet est \u00ab une chance unique donn\u00e9e aux nouvelles g\u00e9n\u00e9rations de juristes anim\u00e9s par l\u2019esprit de bonne volont\u00e9, de curiosit\u00e9, d\u2019entraide et d\u2019initiative et d\u00e9sireux de porter des id\u00e9es nouvelles et novatrices afin de r\u00e9pondre aux d\u00e9fis juridiques de demain \u00bb.<\/p>\n\n\n\n<p><strong>D\u00e9sireux d\u2019adh\u00e9rer \u00e0 Paris Place de Droit et au Comit\u00e9 Millenium ?<br><\/strong>C\u2019est ici : <a href=\"https:\/\/www.parisplacededroit.org\/devenir-membre\/\">https:\/\/www.parisplacededroit.org\/devenir-membre\/<\/a><\/p>\n\n\n\n<p><strong>\u00c0 propos de Paris Place de Droit<\/strong><\/p>\n\n\n\n<p>Place de droit de premier plan, Paris jouit d&#8217;atouts majeurs pour se positionner comme forum international de r\u00e8glement des litiges commerciaux : une communaut\u00e9 de juristes habitu\u00e9e \u00e0 la pratique de droits et de langues \u00e9trangers et des juridictions sp\u00e9cialis\u00e9es dans la vie des affaires appliquant des proc\u00e9dures efficaces.<\/p>\n\n\n\n<p>Paris Place de Droit r\u00e9unit le Barreau de Paris, le Tribunal de Commerce, l\u2019Universit\u00e9 Paris Panth\u00e9on Sorbonne, l\u2019Association Fran\u00e7aise des Juristes d\u2019Entreprises, le Cercle Montesquieu, la CCI Paris-Ile de France, ICC et Paris Place d\u2019Arbitrage pour contribuer ensemble au rayonnement de la place de droit de Paris. Chaque membre partage le m\u00eame objectif commun: \u0153uvrer \u00e0 l\u2019attractivit\u00e9 de notre place de droit, tant aupr\u00e8s de la communaut\u00e9 juridique et d\u2019affaires internationale qu\u2019aupr\u00e8s des d\u00e9cideurs fran\u00e7ais. <a href=\"https:\/\/www.parisplacededroit.org\/\">https:\/\/www.parisplacededroit.org\/<\/a><\/p>\n\n\n\n<figure class=\"wp-block-image size-large\"><img loading=\"lazy\" decoding=\"async\" width=\"1024\" height=\"433\" src=\"https:\/\/www.parisplacededroit.org\/wp-content\/uploads\/2023\/03\/Image_article-1024x433.png\" alt=\"\" class=\"wp-image-1397\" srcset=\"https:\/\/www.parisplacededroit.org\/wp-content\/uploads\/2023\/03\/Image_article-1024x433.png 1024w, https:\/\/www.parisplacededroit.org\/wp-content\/uploads\/2023\/03\/Image_article-300x127.png 300w, https:\/\/www.parisplacededroit.org\/wp-content\/uploads\/2023\/03\/Image_article-768x325.png 768w, https:\/\/www.parisplacededroit.org\/wp-content\/uploads\/2023\/03\/Image_article.png 1387w\" sizes=\"auto, (max-width: 1024px) 100vw, 1024px\" \/><\/figure>\n\n\n\n<p><strong>Contact presse :<\/strong><\/p>\n\n\n\n<p><strong>Eliott&amp; Markus<br><\/strong>Ad\u00e8le Lambert<br><a href=\"mailto:a.lambert@eliott-markus.com\">a.lambert@eliott-markus.com<\/a><br>+33 1 53 41 41 98<\/p>\n","protected":false},"excerpt":{"rendered":"<p>Paris Place de Droit annonce la cr\u00e9ation du Comit\u00e9 Millenium.L\u2019ambition ? Se tourner vers l\u2019avenir et donner \u00e0 la jeune&#8230;<\/p>\n","protected":false},"author":1,"featured_media":0,"comment_status":"open","ping_status":"open","sticky":false,"template":"","format":"standard","meta":{"_acf_changed":false,"footnotes":""},"categories":[1],"tags":[],"class_list":["post-1395","post","type-post","status-publish","format-standard","hentry","category-non-classifiee"],"acf":[],"yoast_head":"<!-- This site is optimized with the Yoast SEO plugin v27.3 - https:\/\/yoast.com\/product\/yoast-seo-wordpress\/ -->\n<title>Paris Place de Droit lance son Comit\u00e9 Millenium - Paris city of law - Legal place in France<\/title>\n<meta name=\"robots\" content=\"index, follow, max-snippet:-1, max-image-preview:large, max-video-preview:-1\" \/>\n<link rel=\"canonical\" href=\"https:\/\/www.parisplacededroit.org\/paris-place-de-droit-lance-son-comite-millenium\/\" \/>\n<meta property=\"og:locale\" content=\"en_US\" \/>\n<meta property=\"og:type\" content=\"article\" \/>\n<meta property=\"og:title\" content=\"Paris Place de Droit lance son Comit\u00e9 Millenium - Paris city of law - Legal place in France\" \/>\n<meta property=\"og:description\" content=\"Paris Place de Droit annonce la cr\u00e9ation du Comit\u00e9 Millenium.L\u2019ambition ? Se tourner vers l\u2019avenir et donner \u00e0 la jeune...\" \/>\n<meta property=\"og:url\" content=\"https:\/\/www.parisplacededroit.org\/paris-place-de-droit-lance-son-comite-millenium\/\" \/>\n<meta property=\"og:site_name\" content=\"Paris city of law - Legal place in France\" \/>\n<meta property=\"article:published_time\" content=\"2023-03-15T15:50:00+00:00\" \/>\n<meta property=\"article:modified_time\" content=\"2023-03-27T16:00:59+00:00\" \/>\n<meta property=\"og:image\" content=\"https:\/\/www.parisplacededroit.org\/wp-content\/uploads\/2023\/03\/Image_article-1024x433.png\" \/>\n<meta name=\"author\" content=\"Eliott_Markus_Dev\" \/>\n<meta name=\"twitter:card\" content=\"summary_large_image\" \/>\n<meta name=\"twitter:creator\" content=\"@ParisPlaceDroit\" \/>\n<meta name=\"twitter:site\" content=\"@ParisPlaceDroit\" \/>\n<meta name=\"twitter:label1\" content=\"Written by\" \/>\n\t<meta name=\"twitter:data1\" content=\"Eliott_Markus_Dev\" \/>\n\t<meta name=\"twitter:label2\" content=\"Est. reading time\" \/>\n\t<meta name=\"twitter:data2\" content=\"3 minutes\" \/>\n<script type=\"application\/ld+json\" class=\"yoast-schema-graph\">{\"@context\":\"https:\\\/\\\/schema.org\",\"@graph\":[{\"@type\":\"Article\",\"@id\":\"https:\\\/\\\/www.parisplacededroit.org\\\/paris-place-de-droit-lance-son-comite-millenium\\\/#article\",\"isPartOf\":{\"@id\":\"https:\\\/\\\/www.parisplacededroit.org\\\/paris-place-de-droit-lance-son-comite-millenium\\\/\"},\"author\":{\"name\":\"Eliott_Markus_Dev\",\"@id\":\"https:\\\/\\\/www.parisplacededroit.org\\\/#\\\/schema\\\/person\\\/d3b592378021fc5c18c7e4fb79445f3f\"},\"headline\":\"Paris Place de Droit lance son Comit\u00e9 Millenium\",\"datePublished\":\"2023-03-15T15:50:00+00:00\",\"dateModified\":\"2023-03-27T16:00:59+00:00\",\"mainEntityOfPage\":{\"@id\":\"https:\\\/\\\/www.parisplacededroit.org\\\/paris-place-de-droit-lance-son-comite-millenium\\\/\"},\"wordCount\":499,\"commentCount\":0,\"image\":{\"@id\":\"https:\\\/\\\/www.parisplacededroit.org\\\/paris-place-de-droit-lance-son-comite-millenium\\\/#primaryimage\"},\"thumbnailUrl\":\"https:\\\/\\\/www.parisplacededroit.org\\\/wp-content\\\/uploads\\\/2023\\\/03\\\/Image_article-1024x433.png\",\"articleSection\":[\"Non classifi\u00e9(e)\"],\"inLanguage\":\"en-US\",\"potentialAction\":[{\"@type\":\"CommentAction\",\"name\":\"Comment\",\"target\":[\"https:\\\/\\\/www.parisplacededroit.org\\\/paris-place-de-droit-lance-son-comite-millenium\\\/#respond\"]}]},{\"@type\":\"WebPage\",\"@id\":\"https:\\\/\\\/www.parisplacededroit.org\\\/paris-place-de-droit-lance-son-comite-millenium\\\/\",\"url\":\"https:\\\/\\\/www.parisplacededroit.org\\\/paris-place-de-droit-lance-son-comite-millenium\\\/\",\"name\":\"Paris Place de Droit lance son Comit\u00e9 Millenium - Paris city of law - Legal place in France\",\"isPartOf\":{\"@id\":\"https:\\\/\\\/www.parisplacededroit.org\\\/#website\"},\"primaryImageOfPage\":{\"@id\":\"https:\\\/\\\/www.parisplacededroit.org\\\/paris-place-de-droit-lance-son-comite-millenium\\\/#primaryimage\"},\"image\":{\"@id\":\"https:\\\/\\\/www.parisplacededroit.org\\\/paris-place-de-droit-lance-son-comite-millenium\\\/#primaryimage\"},\"thumbnailUrl\":\"https:\\\/\\\/www.parisplacededroit.org\\\/wp-content\\\/uploads\\\/2023\\\/03\\\/Image_article-1024x433.png\",\"datePublished\":\"2023-03-15T15:50:00+00:00\",\"dateModified\":\"2023-03-27T16:00:59+00:00\",\"author\":{\"@id\":\"https:\\\/\\\/www.parisplacededroit.org\\\/#\\\/schema\\\/person\\\/d3b592378021fc5c18c7e4fb79445f3f\"},\"breadcrumb\":{\"@id\":\"https:\\\/\\\/www.parisplacededroit.org\\\/paris-place-de-droit-lance-son-comite-millenium\\\/#breadcrumb\"},\"inLanguage\":\"en-US\",\"potentialAction\":[{\"@type\":\"ReadAction\",\"target\":[\"https:\\\/\\\/www.parisplacededroit.org\\\/paris-place-de-droit-lance-son-comite-millenium\\\/\"]}]},{\"@type\":\"ImageObject\",\"inLanguage\":\"en-US\",\"@id\":\"https:\\\/\\\/www.parisplacededroit.org\\\/paris-place-de-droit-lance-son-comite-millenium\\\/#primaryimage\",\"url\":\"https:\\\/\\\/www.parisplacededroit.org\\\/wp-content\\\/uploads\\\/2023\\\/03\\\/Image_article-1024x433.png\",\"contentUrl\":\"https:\\\/\\\/www.parisplacededroit.org\\\/wp-content\\\/uploads\\\/2023\\\/03\\\/Image_article-1024x433.png\"},{\"@type\":\"BreadcrumbList\",\"@id\":\"https:\\\/\\\/www.parisplacededroit.org\\\/paris-place-de-droit-lance-son-comite-millenium\\\/#breadcrumb\",\"itemListElement\":[{\"@type\":\"ListItem\",\"position\":1,\"name\":\"Accueil\",\"item\":\"https:\\\/\\\/www.parisplacededroit.org\\\/en\\\/\"},{\"@type\":\"ListItem\",\"position\":2,\"name\":\"Paris Place de Droit lance son Comit\u00e9 Millenium\"}]},{\"@type\":\"WebSite\",\"@id\":\"https:\\\/\\\/www.parisplacededroit.org\\\/#website\",\"url\":\"https:\\\/\\\/www.parisplacededroit.org\\\/\",\"name\":\"Paris city of law - Legal place in France\",\"description\":\"With Paris Place of Law, our city build a unique legal place. It is a safe and competitive legal framework that Paris offers to French and foreign companies.\",\"potentialAction\":[{\"@type\":\"SearchAction\",\"target\":{\"@type\":\"EntryPoint\",\"urlTemplate\":\"https:\\\/\\\/www.parisplacededroit.org\\\/?s={search_term_string}\"},\"query-input\":{\"@type\":\"PropertyValueSpecification\",\"valueRequired\":true,\"valueName\":\"search_term_string\"}}],\"inLanguage\":\"en-US\"},{\"@type\":\"Person\",\"@id\":\"https:\\\/\\\/www.parisplacededroit.org\\\/#\\\/schema\\\/person\\\/d3b592378021fc5c18c7e4fb79445f3f\",\"name\":\"Eliott_Markus_Dev\",\"image\":{\"@type\":\"ImageObject\",\"inLanguage\":\"en-US\",\"@id\":\"https:\\\/\\\/secure.gravatar.com\\\/avatar\\\/e82a1c875af1d10692c1bb24d4aa42c9c59dd307bec1ee5f88b9145de9873f1b?s=96&d=mm&r=g\",\"url\":\"https:\\\/\\\/secure.gravatar.com\\\/avatar\\\/e82a1c875af1d10692c1bb24d4aa42c9c59dd307bec1ee5f88b9145de9873f1b?s=96&d=mm&r=g\",\"contentUrl\":\"https:\\\/\\\/secure.gravatar.com\\\/avatar\\\/e82a1c875af1d10692c1bb24d4aa42c9c59dd307bec1ee5f88b9145de9873f1b?s=96&d=mm&r=g\",\"caption\":\"Eliott_Markus_Dev\"},\"sameAs\":[\"http:\\\/\\\/ppd-fix.local\"]}]}<\/script>\n<!-- \/ Yoast SEO plugin. -->","yoast_head_json":{"title":"Paris Place de Droit lance son Comit\u00e9 Millenium - Paris city of law - Legal place in France","robots":{"index":"index","follow":"follow","max-snippet":"max-snippet:-1","max-image-preview":"max-image-preview:large","max-video-preview":"max-video-preview:-1"},"canonical":"https:\/\/www.parisplacededroit.org\/paris-place-de-droit-lance-son-comite-millenium\/","og_locale":"en_US","og_type":"article","og_title":"Paris Place de Droit lance son Comit\u00e9 Millenium - Paris city of law - Legal place in France","og_description":"Paris Place de Droit annonce la cr\u00e9ation du Comit\u00e9 Millenium.L\u2019ambition ? Se tourner vers l\u2019avenir et donner \u00e0 la jeune...","og_url":"https:\/\/www.parisplacededroit.org\/paris-place-de-droit-lance-son-comite-millenium\/","og_site_name":"Paris city of law - Legal place in France","article_published_time":"2023-03-15T15:50:00+00:00","article_modified_time":"2023-03-27T16:00:59+00:00","og_image":[{"url":"https:\/\/www.parisplacededroit.org\/wp-content\/uploads\/2023\/03\/Image_article-1024x433.png","type":"","width":"","height":""}],"author":"Eliott_Markus_Dev","twitter_card":"summary_large_image","twitter_creator":"@ParisPlaceDroit","twitter_site":"@ParisPlaceDroit","twitter_misc":{"Written by":"Eliott_Markus_Dev","Est. reading time":"3 minutes"},"schema":{"@context":"https:\/\/schema.org","@graph":[{"@type":"Article","@id":"https:\/\/www.parisplacededroit.org\/paris-place-de-droit-lance-son-comite-millenium\/#article","isPartOf":{"@id":"https:\/\/www.parisplacededroit.org\/paris-place-de-droit-lance-son-comite-millenium\/"},"author":{"name":"Eliott_Markus_Dev","@id":"https:\/\/www.parisplacededroit.org\/#\/schema\/person\/d3b592378021fc5c18c7e4fb79445f3f"},"headline":"Paris Place de Droit lance son Comit\u00e9 Millenium","datePublished":"2023-03-15T15:50:00+00:00","dateModified":"2023-03-27T16:00:59+00:00","mainEntityOfPage":{"@id":"https:\/\/www.parisplacededroit.org\/paris-place-de-droit-lance-son-comite-millenium\/"},"wordCount":499,"commentCount":0,"image":{"@id":"https:\/\/www.parisplacededroit.org\/paris-place-de-droit-lance-son-comite-millenium\/#primaryimage"},"thumbnailUrl":"https:\/\/www.parisplacededroit.org\/wp-content\/uploads\/2023\/03\/Image_article-1024x433.png","articleSection":["Non classifi\u00e9(e)"],"inLanguage":"en-US","potentialAction":[{"@type":"CommentAction","name":"Comment","target":["https:\/\/www.parisplacededroit.org\/paris-place-de-droit-lance-son-comite-millenium\/#respond"]}]},{"@type":"WebPage","@id":"https:\/\/www.parisplacededroit.org\/paris-place-de-droit-lance-son-comite-millenium\/","url":"https:\/\/www.parisplacededroit.org\/paris-place-de-droit-lance-son-comite-millenium\/","name":"Paris Place de Droit lance son Comit\u00e9 Millenium - Paris city of law - Legal place in France","isPartOf":{"@id":"https:\/\/www.parisplacededroit.org\/#website"},"primaryImageOfPage":{"@id":"https:\/\/www.parisplacededroit.org\/paris-place-de-droit-lance-son-comite-millenium\/#primaryimage"},"image":{"@id":"https:\/\/www.parisplacededroit.org\/paris-place-de-droit-lance-son-comite-millenium\/#primaryimage"},"thumbnailUrl":"https:\/\/www.parisplacededroit.org\/wp-content\/uploads\/2023\/03\/Image_article-1024x433.png","datePublished":"2023-03-15T15:50:00+00:00","dateModified":"2023-03-27T16:00:59+00:00","author":{"@id":"https:\/\/www.parisplacededroit.org\/#\/schema\/person\/d3b592378021fc5c18c7e4fb79445f3f"},"breadcrumb":{"@id":"https:\/\/www.parisplacededroit.org\/paris-place-de-droit-lance-son-comite-millenium\/#breadcrumb"},"inLanguage":"en-US","potentialAction":[{"@type":"ReadAction","target":["https:\/\/www.parisplacededroit.org\/paris-place-de-droit-lance-son-comite-millenium\/"]}]},{"@type":"ImageObject","inLanguage":"en-US","@id":"https:\/\/www.parisplacededroit.org\/paris-place-de-droit-lance-son-comite-millenium\/#primaryimage","url":"https:\/\/www.parisplacededroit.org\/wp-content\/uploads\/2023\/03\/Image_article-1024x433.png","contentUrl":"https:\/\/www.parisplacededroit.org\/wp-content\/uploads\/2023\/03\/Image_article-1024x433.png"},{"@type":"BreadcrumbList","@id":"https:\/\/www.parisplacededroit.org\/paris-place-de-droit-lance-son-comite-millenium\/#breadcrumb","itemListElement":[{"@type":"ListItem","position":1,"name":"Accueil","item":"https:\/\/www.parisplacededroit.org\/en\/"},{"@type":"ListItem","position":2,"name":"Paris Place de Droit lance son Comit\u00e9 Millenium"}]},{"@type":"WebSite","@id":"https:\/\/www.parisplacededroit.org\/#website","url":"https:\/\/www.parisplacededroit.org\/","name":"Paris city of law - Legal place in France","description":"With Paris Place of Law, our city build a unique legal place. It is a safe and competitive legal framework that Paris offers to French and foreign companies.","potentialAction":[{"@type":"SearchAction","target":{"@type":"EntryPoint","urlTemplate":"https:\/\/www.parisplacededroit.org\/?s={search_term_string}"},"query-input":{"@type":"PropertyValueSpecification","valueRequired":true,"valueName":"search_term_string"}}],"inLanguage":"en-US"},{"@type":"Person","@id":"https:\/\/www.parisplacededroit.org\/#\/schema\/person\/d3b592378021fc5c18c7e4fb79445f3f","name":"Eliott_Markus_Dev","image":{"@type":"ImageObject","inLanguage":"en-US","@id":"https:\/\/secure.gravatar.com\/avatar\/e82a1c875af1d10692c1bb24d4aa42c9c59dd307bec1ee5f88b9145de9873f1b?s=96&d=mm&r=g","url":"https:\/\/secure.gravatar.com\/avatar\/e82a1c875af1d10692c1bb24d4aa42c9c59dd307bec1ee5f88b9145de9873f1b?s=96&d=mm&r=g","contentUrl":"https:\/\/secure.gravatar.com\/avatar\/e82a1c875af1d10692c1bb24d4aa42c9c59dd307bec1ee5f88b9145de9873f1b?s=96&d=mm&r=g","caption":"Eliott_Markus_Dev"},"sameAs":["http:\/\/ppd-fix.local"]}]}},"_links":{"self":[{"href":"https:\/\/www.parisplacededroit.org\/en\/wp-json\/wp\/v2\/posts\/1395","targetHints":{"allow":["GET"]}}],"collection":[{"href":"https:\/\/www.parisplacededroit.org\/en\/wp-json\/wp\/v2\/posts"}],"about":[{"href":"https:\/\/www.parisplacededroit.org\/en\/wp-json\/wp\/v2\/types\/post"}],"author":[{"embeddable":true,"href":"https:\/\/www.parisplacededroit.org\/en\/wp-json\/wp\/v2\/users\/1"}],"replies":[{"embeddable":true,"href":"https:\/\/www.parisplacededroit.org\/en\/wp-json\/wp\/v2\/comments?post=1395"}],"version-history":[{"count":3,"href":"https:\/\/www.parisplacededroit.org\/en\/wp-json\/wp\/v2\/posts\/1395\/revisions"}],"predecessor-version":[{"id":1400,"href":"https:\/\/www.parisplacededroit.org\/en\/wp-json\/wp\/v2\/posts\/1395\/revisions\/1400"}],"wp:attachment":[{"href":"https:\/\/www.parisplacededroit.org\/en\/wp-json\/wp\/v2\/media?parent=1395"}],"wp:term":[{"taxonomy":"category","embeddable":true,"href":"https:\/\/www.parisplacededroit.org\/en\/wp-json\/wp\/v2\/categories?post=1395"},{"taxonomy":"post_tag","embeddable":true,"href":"https:\/\/www.parisplacededroit.org\/en\/wp-json\/wp\/v2\/tags?post=1395"}],"curies":[{"name":"wp","href":"https:\/\/api.w.org\/{rel}","templated":true}]}}